{"id":42785,"date":"2025-09-24T16:03:48","date_gmt":"2025-09-24T16:03:48","guid":{"rendered":"https:\/\/mioti.es\/?p=42785"},"modified":"2025-09-24T16:03:48","modified_gmt":"2025-09-24T16:03:48","slug":"blog-6-de-cada-10-profesores-ya-usan-ia-en-clase","status":"publish","type":"post","link":"https:\/\/mioti.es\/es\/blog-6-de-cada-10-profesores-ya-usan-ia-en-clase\/","title":{"rendered":"6 de cada 10 profesores ya usan IA en clase"},"content":{"rendered":"<p><span style=\"font-weight: 400;\">Un profesor que antes dedicaba horas a corregir ex\u00e1menes ahora puede hacerlo en minutos gracias a un sistema autom\u00e1tico de calificaci\u00f3n. Una docente que buscaba materiales diferentes para cada alumno encuentra en <strong>plataformas adaptativas<\/strong> la forma de personalizar sus clases sin desbordarse. Estos no son casos aislados: seg\u00fan <strong>AI Statistics<\/strong>, 6 de cada 10 docentes ya utilizan inteligencia artificial en su d\u00eda a d\u00eda, ya sea con <strong>juegos educativos<\/strong> (51%), <strong>chatbots de apoyo<\/strong> (35%) o <strong>tutor\u00edas inteligentes<\/strong> (29%). La transformaci\u00f3n de la ense\u00f1anza no es futurista, est\u00e1 sucediendo ahora mismo dentro de las aulas.<\/span><\/p>\n<p><span style=\"font-weight: 400;\">No obstante, esta r\u00e1pida adopci\u00f3n tambi\u00e9n conlleva ciertos riesgos que deben ser gestionados con cautela para <strong>evitar impactos negativos<\/strong> en la educaci\u00f3n. La <strong>UNESCO<\/strong>, un organismo internacional de gran calado, destaca la importancia de <strong>establecer marcos regulatorios claros<\/strong> que garanticen el uso \u00e9tico de la inteligencia artificial y protejan a todas las personas involucradas. En este caso en concreto, la situaci\u00f3n toma m\u00e1s importancia debido a que estos actores son los ni\u00f1os y adolescentes, un grupo vulnerable.<\/span><\/p>\n<p><span style=\"font-weight: 400;\">En <\/span><span style=\"font-weight: 400;\">MIOTI Tech &amp; Business School<\/span><span style=\"font-weight: 400;\"> somos conscientes de esta evoluci\u00f3n, y para ello impartimos nuestro <strong>M\u00e1ster en <\/strong><\/span><span style=\"font-weight: 400;\"><strong>Inteligencia Artificial<\/strong>. <\/span><span style=\"font-weight: 400;\">Este programa proporcionan a los alumnos las competencias necesarias para entender, desarrollar y aplicar soluciones de IA a nivel profesional.<\/span><\/p>\n<p><a href=\"https:\/\/mioti.es\/es\/master-en-inteligencia-artificial\"><img loading=\"lazy\" decoding=\"async\" class=\"alignnone size-full wp-image-39761\" src=\"https:\/\/mioti.es\/wp-content\/uploads\/2025\/01\/Banners-blog_2025_MDSDL.webp\" alt=\"Banner_M\u00e1ster en Inteligencia Artificial\" width=\"1920\" height=\"439\" srcset=\"https:\/\/mioti.es\/wp-content\/uploads\/2025\/01\/Banners-blog_2025_MDSDL.webp 1920w, https:\/\/mioti.es\/wp-content\/uploads\/2025\/01\/Banners-blog_2025_MDSDL-768x176.webp 768w, https:\/\/mioti.es\/wp-content\/uploads\/2025\/01\/Banners-blog_2025_MDSDL-200x46.webp 200w\" sizes=\"auto, (max-width: 1920px) 100vw, 1920px\" \/><\/a><\/p>\n<h2>La IA como herramienta en la educaci\u00f3n: oportunidades y desaf\u00edos<\/h2>\n<p><span style=\"font-weight: 400;\">En 2025, la IA aplicada a la educaci\u00f3n se utiliza para m\u00faltiples prop\u00f3sitos. Los profesores y estudiantes emplean <strong>herramientas para acceder a informaci\u00f3n destacada y resolver problemas matem\u00e1ticos, f\u00edsicos o qu\u00edmicos de cierta complejidad<\/strong>. Adem\u00e1s, usan IA para la generaci\u00f3n de textos mediante prompts. Por otro lado, tambi\u00e9n existen aplicaciones basadas en inteligencia artificial que se encargan de dar <strong>explicaciones personalizadas a cada alumno<\/strong>. Esto supone un avance significativo frente a los m\u00e9todos tradicionales.<\/span><\/p>\n<p><span style=\"font-weight: 400;\">La IA no se puede ver como un enemigo de la ense\u00f1anza, sino como una nueva herramienta de apoyo. Esta impone la nueva corriente social y obliga a replantear los m\u00e9todos de evaluaci\u00f3n y aprendizaje, planteando un reto importante. Adem\u00e1s, los sistemas tradicionales basados en ex\u00e1menes y memorizaci\u00f3n se est\u00e1n viendo cada vez m\u00e1s cuestionados ante la <strong>capacidad de la inteligencia artificial para responder con alta precisi\u00f3n a preguntas dif\u00edciles<\/strong>. De hecho, en algunos casos llega incluso a superar el rendimiento de los humanos. Por ejemplo, en un examen de acceso a la abogac\u00eda en EE. UU. GPT-4 obtuvo una puntuaci\u00f3n en el 10% superior de los candidatos. En el <strong>benchmark MMLU<\/strong>, que eval\u00faa 57 \u00e1reas acad\u00e9micas, alcanz\u00f3 un<strong> 86,4% de precisi\u00f3n<\/strong>. Esto est\u00e1 muy cerca del nivel de expertos (89,8%) pero todav\u00eda por debajo de este, aunque claramente superior al promedio (67,6%).\u00a0<\/span><\/p>\n<p><span style=\"font-weight: 400;\">Por eso, la nueva educaci\u00f3n debe promover el <strong>pensamiento cr\u00edtico, la \u00e9tica digital y la resoluci\u00f3n de problemas complejos en contextos reales<\/strong>. A d\u00eda de hoy, estas son \u00e1reas que no pueden solucionar las m\u00e1quinas.<\/span><\/p>\n<h2>Brecha digital y formaci\u00f3n docente: dos retos claves<\/h2>\n<p><span style=\"font-weight: 400;\">Existe una gran diferencia en la utilizaci\u00f3n de la inteligencia artificial entre pa\u00edses desarrollados y en v\u00edas de desarrollo. Esto afecta el apartado de<strong> infraestructura tecnol\u00f3gica, acceso a internet y capacitaci\u00f3n en competencias digitales<\/strong>. Por ende, el empleo de la IA en el sector educativo no es homog\u00e9neo. En algunos pa\u00edses faltan recursos b\u00e1sicos que limitan la adopci\u00f3n de estas innovaciones.<\/span><\/p>\n<p><span style=\"font-weight: 400;\">Uno de los grandes retos es acabar con la brecha digital. Es necesario<strong> facilitar a todos los ni\u00f1os y adolescentes las ventajas que ofrece la IA<\/strong> en los centros educativos. Sin embargo, esta situaci\u00f3n no solo implica invertir en infraestructuras. Tambi\u00e9n es necesario <strong>invertir en la formaci\u00f3n continua de los profesores<\/strong>, quienes deben estar preparados para incorporar estas tecnolog\u00edas de forma responsable.<\/span><\/p>\n<p><span style=\"font-weight: 400;\">En este punto cobra relevancia otro desaf\u00edo igual de cr\u00edtico: el desarrollo y la <strong>aplicaci\u00f3n de la IA<\/strong> est\u00e1n condicionados por decisiones humanas. Esto ocurre desde el dise\u00f1o de los algoritmos hasta la implementaci\u00f3n pr\u00e1ctica. Teniendo esto en cuenta, esta herramienta no es neutral<\/span> <span style=\"font-weight: 400;\">y puede reproducir sesgos o desigualdades, un aspecto cr\u00edtico cuando se aplica en entornos educativos.\u00a0 A ello se suma otra cuesti\u00f3n clave: <strong>la gesti\u00f3n de datos<\/strong>. La IA en las aulas implica recopilar y procesar informaci\u00f3n personal de los estudiantes. Por lo tanto, <strong>garantizar la privacidad y la protecci\u00f3n de esos datos resulta imprescindible<\/strong> para generar confianza y evitar riesgos.<\/span><\/p>\n<h2>La IA como complemento, no sustituto, de la ense\u00f1anza humana<\/h2>\n<p><span style=\"font-weight: 400;\">La IA debe ser entendida como una herramienta que sirve para <strong>complementar al docente<\/strong>, no para reemplazarlo. Esto ocurre en todos los campos. Los propios profesores tienen la funci\u00f3n de <strong>aportar contexto, comprensi\u00f3n cultural y empat\u00eda<\/strong>. Deben adaptarse siempre a las capacidades individuales de los estudiantes. La <strong>inteligencia artificial<\/strong>, por muy avanzada que est\u00e9, carece de la sensibilidad y el juicio \u00e9tico necesarios en los procesos educativos y de aprendizaje de ni\u00f1os y adolescentes.<\/span><\/p>\n<p><span style=\"font-weight: 400;\">En este escenario, los docentes deben asumir un rol a\u00fan m\u00e1s estrat\u00e9gico. Deben <strong>convertirse en mentores<\/strong> <strong>que gu\u00eden a los alumnos<\/strong> en el uso responsable de la tecnolog\u00eda. Deben ense\u00f1arles a distinguir entre informaci\u00f3n fiable y contenido generado autom\u00e1ticamente. Pero su misi\u00f3n no se limita a identificar fortalezas y debilidades. Tambi\u00e9n deben fomentar competencias cr\u00edticas como la \u00e9tica digital, el pensamiento anal\u00edtico y la colaboraci\u00f3n. De este modo, el profesor no solo crea un entorno social y humano. Tambi\u00e9n act\u00faa como mediador entre la inteligencia artificial y el desarrollo integral de los estudiantes.<\/span><\/p>\n<p><span style=\"font-weight: 400;\">La IA es presente y futuro, y la educaci\u00f3n deber\u00e1 combinar la<strong> innovaci\u00f3n tecnol\u00f3gica<\/strong> con una ense\u00f1anza basada en \u00e9tica y valores, consiguiendo que <strong>las m\u00e1quinas potencien a los estudiantes<\/strong>, sin desplazar el papel esencial de los educadores.\u00a0<\/span><\/p>\n<p><script charset=\"utf-8\" type=\"text\/javascript\" src=\"\/\/js.hsforms.net\/forms\/embed\/v2.js\"><\/script><br \/>\n<script>\n  hbspt.forms.create({\n    portalId: \"6580383\",\n    formId: \"09812d66-d3d4-4da6-a829-f109453b6b43\",\n    region: \"na1\"\n  });\n<\/script><\/p>\n","protected":false},"excerpt":{"rendered":"<p>Un profesor que antes dedicaba horas a corregir ex\u00e1menes ahora puede hacerlo en minutos gracias a un sistema autom\u00e1tico de calificaci\u00f3n. Una docente que buscaba materiales diferentes para cada alumno encuentra en plataformas adaptativas la forma de personalizar sus clases sin desbordarse. Estos no son casos aislados: seg\u00fan AI Statistics, 6 de cada 10 docentes [&hellip;]<\/p>\n","protected":false},"author":11,"featured_media":42789,"comment_status":"closed","ping_status":"closed","sticky":false,"template":"","format":"standard","meta":{"_acf_changed":false,"_joinchat":[],"footnotes":""},"categories":[68],"class_list":["post-42785","post","type-post","status-publish","format-standard","has-post-thumbnail","hentry","category-inteligencia-artificial"],"acf":[],"yoast_head":"<!-- This site is optimized with the Yoast SEO Premium plugin v26.2 (Yoast SEO v27.4) - https:\/\/yoast.com\/product\/yoast-seo-premium-wordpress\/ -->\n<title>6 de cada 10 profesores ya usan IA en clase | MIOTI<\/title>\n<meta name=\"description\" content=\"\ud83e\udd16La Inteligencia Artificial entra en las aulas: m\u00e1s de la mitad de los docentes ya la usan en su d\u00eda a d\u00eda. \ud83d\udc69\u200d\ud83c\udfeb \u00a1Desc\u00fabrelo aqu\u00ed!\" \/>\n<meta name=\"robots\" content=\"index, follow, max-snippet:-1, max-image-preview:large, max-video-preview:-1\" \/>\n<link rel=\"canonical\" href=\"https:\/\/mioti.es\/es\/blog-6-de-cada-10-profesores-ya-usan-ia-en-clase\/\" \/>\n<meta property=\"og:locale\" content=\"es_ES\" \/>\n<meta property=\"og:type\" content=\"article\" \/>\n<meta property=\"og:title\" content=\"6 de cada 10 profesores ya usan IA en clase\" \/>\n<meta property=\"og:description\" content=\"\ud83e\udd16La Inteligencia Artificial entra en las aulas: m\u00e1s de la mitad de los docentes ya la usan en su d\u00eda a d\u00eda. \ud83d\udc69\u200d\ud83c\udfeb \u00a1Desc\u00fabrelo aqu\u00ed!\" \/>\n<meta property=\"og:url\" content=\"https:\/\/mioti.es\/es\/blog-6-de-cada-10-profesores-ya-usan-ia-en-clase\/\" \/>\n<meta property=\"og:site_name\" content=\"MIOTI\" \/>\n<meta property=\"article:publisher\" content=\"https:\/\/www.facebook.com\/MIOTISchool\" \/>\n<meta property=\"article:published_time\" content=\"2025-09-24T16:03:48+00:00\" \/>\n<meta property=\"og:image\" content=\"https:\/\/mioti.es\/wp-content\/uploads\/2025\/09\/6-de-cada-10-profesores-ya-usan-IA-en-clase_Miniatura-blog.webp\" \/>\n\t<meta property=\"og:image:width\" content=\"578\" \/>\n\t<meta property=\"og:image:height\" content=\"433\" \/>\n\t<meta property=\"og:image:type\" content=\"image\/webp\" \/>\n<meta name=\"author\" content=\"Sara Garc\u00eda\" \/>\n<meta name=\"twitter:card\" content=\"summary_large_image\" \/>\n<meta name=\"twitter:creator\" content=\"@MyMioti\" \/>\n<meta name=\"twitter:site\" content=\"@MyMioti\" \/>\n<meta name=\"twitter:label1\" content=\"Escrito por\" \/>\n\t<meta name=\"twitter:data1\" content=\"Sara Garc\u00eda\" \/>\n\t<meta name=\"twitter:label2\" content=\"Tiempo de lectura\" \/>\n\t<meta name=\"twitter:data2\" content=\"5 minutos\" \/>\n<script type=\"application\/ld+json\" class=\"yoast-schema-graph\">{\"@context\":\"https:\\\/\\\/schema.org\",\"@graph\":[{\"@type\":\"Article\",\"@id\":\"https:\\\/\\\/mioti.es\\\/es\\\/blog-6-de-cada-10-profesores-ya-usan-ia-en-clase\\\/#article\",\"isPartOf\":{\"@id\":\"https:\\\/\\\/mioti.es\\\/es\\\/blog-6-de-cada-10-profesores-ya-usan-ia-en-clase\\\/\"},\"author\":{\"name\":\"Sara Garc\u00eda\",\"@id\":\"https:\\\/\\\/mioti.es\\\/es\\\/#\\\/schema\\\/person\\\/9f3b96e6ea295e8e7d5a65763ba95336\"},\"headline\":\"6 de cada 10 profesores ya usan IA en clase\",\"datePublished\":\"2025-09-24T16:03:48+00:00\",\"mainEntityOfPage\":{\"@id\":\"https:\\\/\\\/mioti.es\\\/es\\\/blog-6-de-cada-10-profesores-ya-usan-ia-en-clase\\\/\"},\"wordCount\":1024,\"publisher\":{\"@id\":\"https:\\\/\\\/mioti.es\\\/es\\\/#organization\"},\"image\":{\"@id\":\"https:\\\/\\\/mioti.es\\\/es\\\/blog-6-de-cada-10-profesores-ya-usan-ia-en-clase\\\/#primaryimage\"},\"thumbnailUrl\":\"https:\\\/\\\/mioti.es\\\/wp-content\\\/uploads\\\/2025\\\/09\\\/6-de-cada-10-profesores-ya-usan-IA-en-clase_Miniatura-blog.webp\",\"articleSection\":[\"Inteligencia Artificial\"],\"inLanguage\":\"es\"},{\"@type\":\"WebPage\",\"@id\":\"https:\\\/\\\/mioti.es\\\/es\\\/blog-6-de-cada-10-profesores-ya-usan-ia-en-clase\\\/\",\"url\":\"https:\\\/\\\/mioti.es\\\/es\\\/blog-6-de-cada-10-profesores-ya-usan-ia-en-clase\\\/\",\"name\":\"6 de cada 10 profesores ya usan IA en clase | MIOTI\",\"isPartOf\":{\"@id\":\"https:\\\/\\\/mioti.es\\\/es\\\/#website\"},\"primaryImageOfPage\":{\"@id\":\"https:\\\/\\\/mioti.es\\\/es\\\/blog-6-de-cada-10-profesores-ya-usan-ia-en-clase\\\/#primaryimage\"},\"image\":{\"@id\":\"https:\\\/\\\/mioti.es\\\/es\\\/blog-6-de-cada-10-profesores-ya-usan-ia-en-clase\\\/#primaryimage\"},\"thumbnailUrl\":\"https:\\\/\\\/mioti.es\\\/wp-content\\\/uploads\\\/2025\\\/09\\\/6-de-cada-10-profesores-ya-usan-IA-en-clase_Miniatura-blog.webp\",\"datePublished\":\"2025-09-24T16:03:48+00:00\",\"description\":\"\ud83e\udd16La Inteligencia Artificial entra en las aulas: m\u00e1s de la mitad de los docentes ya la usan en su d\u00eda a d\u00eda. \ud83d\udc69\u200d\ud83c\udfeb \u00a1Desc\u00fabrelo aqu\u00ed!\",\"breadcrumb\":{\"@id\":\"https:\\\/\\\/mioti.es\\\/es\\\/blog-6-de-cada-10-profesores-ya-usan-ia-en-clase\\\/#breadcrumb\"},\"inLanguage\":\"es\",\"potentialAction\":[{\"@type\":\"ReadAction\",\"target\":[\"https:\\\/\\\/mioti.es\\\/es\\\/blog-6-de-cada-10-profesores-ya-usan-ia-en-clase\\\/\"]}]},{\"@type\":\"ImageObject\",\"inLanguage\":\"es\",\"@id\":\"https:\\\/\\\/mioti.es\\\/es\\\/blog-6-de-cada-10-profesores-ya-usan-ia-en-clase\\\/#primaryimage\",\"url\":\"https:\\\/\\\/mioti.es\\\/wp-content\\\/uploads\\\/2025\\\/09\\\/6-de-cada-10-profesores-ya-usan-IA-en-clase_Miniatura-blog.webp\",\"contentUrl\":\"https:\\\/\\\/mioti.es\\\/wp-content\\\/uploads\\\/2025\\\/09\\\/6-de-cada-10-profesores-ya-usan-IA-en-clase_Miniatura-blog.webp\",\"width\":578,\"height\":433,\"caption\":\"6 de cada 10 profesores ya usan IA en clase\"},{\"@type\":\"BreadcrumbList\",\"@id\":\"https:\\\/\\\/mioti.es\\\/es\\\/blog-6-de-cada-10-profesores-ya-usan-ia-en-clase\\\/#breadcrumb\",\"itemListElement\":[{\"@type\":\"ListItem\",\"position\":1,\"name\":\"Home\",\"item\":\"https:\\\/\\\/mioti.es\\\/es\\\/\"},{\"@type\":\"ListItem\",\"position\":2,\"name\":\"6 de cada 10 profesores ya usan IA en clase\"}]},{\"@type\":\"WebSite\",\"@id\":\"https:\\\/\\\/mioti.es\\\/es\\\/#website\",\"url\":\"https:\\\/\\\/mioti.es\\\/es\\\/\",\"name\":\"MIOTI Tech & Business School\",\"description\":\"Tech &amp; Business School\",\"publisher\":{\"@id\":\"https:\\\/\\\/mioti.es\\\/es\\\/#organization\"},\"alternateName\":\"MIOTI\",\"potentialAction\":[{\"@type\":\"SearchAction\",\"target\":{\"@type\":\"EntryPoint\",\"urlTemplate\":\"https:\\\/\\\/mioti.es\\\/es\\\/?s={search_term_string}\"},\"query-input\":{\"@type\":\"PropertyValueSpecification\",\"valueRequired\":true,\"valueName\":\"search_term_string\"}}],\"inLanguage\":\"es\"},{\"@type\":\"Organization\",\"@id\":\"https:\\\/\\\/mioti.es\\\/es\\\/#organization\",\"name\":\"MIOTI Tech & Business School\",\"alternateName\":\"MIOTI\",\"url\":\"https:\\\/\\\/mioti.es\\\/es\\\/\",\"logo\":{\"@type\":\"ImageObject\",\"inLanguage\":\"es\",\"@id\":\"https:\\\/\\\/mioti.es\\\/es\\\/#\\\/schema\\\/logo\\\/image\\\/\",\"url\":\"https:\\\/\\\/mioti.es\\\/wp-content\\\/uploads\\\/2023\\\/09\\\/logo-fondo-rosa-1.webp\",\"contentUrl\":\"https:\\\/\\\/mioti.es\\\/wp-content\\\/uploads\\\/2023\\\/09\\\/logo-fondo-rosa-1.webp\",\"width\":696,\"height\":696,\"caption\":\"MIOTI Tech & Business School\"},\"image\":{\"@id\":\"https:\\\/\\\/mioti.es\\\/es\\\/#\\\/schema\\\/logo\\\/image\\\/\"},\"sameAs\":[\"https:\\\/\\\/www.facebook.com\\\/MIOTISchool\",\"https:\\\/\\\/x.com\\\/MyMioti\",\"https:\\\/\\\/www.instagram.com\\\/mioti_school\\\/\",\"https:\\\/\\\/www.linkedin.com\\\/school\\\/mioti\\\/\"]},{\"@type\":\"Person\",\"@id\":\"https:\\\/\\\/mioti.es\\\/es\\\/#\\\/schema\\\/person\\\/9f3b96e6ea295e8e7d5a65763ba95336\",\"name\":\"Sara Garc\u00eda\",\"url\":\"https:\\\/\\\/mioti.es\\\/es\\\/author\\\/sara\\\/\"}]}<\/script>\n<!-- \/ Yoast SEO Premium plugin. -->","yoast_head_json":{"title":"6 de cada 10 profesores ya usan IA en clase | MIOTI","description":"\ud83e\udd16La Inteligencia Artificial entra en las aulas: m\u00e1s de la mitad de los docentes ya la usan en su d\u00eda a d\u00eda. \ud83d\udc69\u200d\ud83c\udfeb \u00a1Desc\u00fabrelo aqu\u00ed!","robots":{"index":"index","follow":"follow","max-snippet":"max-snippet:-1","max-image-preview":"max-image-preview:large","max-video-preview":"max-video-preview:-1"},"canonical":"https:\/\/mioti.es\/es\/blog-6-de-cada-10-profesores-ya-usan-ia-en-clase\/","og_locale":"es_ES","og_type":"article","og_title":"6 de cada 10 profesores ya usan IA en clase","og_description":"\ud83e\udd16La Inteligencia Artificial entra en las aulas: m\u00e1s de la mitad de los docentes ya la usan en su d\u00eda a d\u00eda. \ud83d\udc69\u200d\ud83c\udfeb \u00a1Desc\u00fabrelo aqu\u00ed!","og_url":"https:\/\/mioti.es\/es\/blog-6-de-cada-10-profesores-ya-usan-ia-en-clase\/","og_site_name":"MIOTI","article_publisher":"https:\/\/www.facebook.com\/MIOTISchool","article_published_time":"2025-09-24T16:03:48+00:00","og_image":[{"width":578,"height":433,"url":"https:\/\/mioti.es\/wp-content\/uploads\/2025\/09\/6-de-cada-10-profesores-ya-usan-IA-en-clase_Miniatura-blog.webp","type":"image\/webp"}],"author":"Sara Garc\u00eda","twitter_card":"summary_large_image","twitter_creator":"@MyMioti","twitter_site":"@MyMioti","twitter_misc":{"Escrito por":"Sara Garc\u00eda","Tiempo de lectura":"5 minutos"},"schema":{"@context":"https:\/\/schema.org","@graph":[{"@type":"Article","@id":"https:\/\/mioti.es\/es\/blog-6-de-cada-10-profesores-ya-usan-ia-en-clase\/#article","isPartOf":{"@id":"https:\/\/mioti.es\/es\/blog-6-de-cada-10-profesores-ya-usan-ia-en-clase\/"},"author":{"name":"Sara Garc\u00eda","@id":"https:\/\/mioti.es\/es\/#\/schema\/person\/9f3b96e6ea295e8e7d5a65763ba95336"},"headline":"6 de cada 10 profesores ya usan IA en clase","datePublished":"2025-09-24T16:03:48+00:00","mainEntityOfPage":{"@id":"https:\/\/mioti.es\/es\/blog-6-de-cada-10-profesores-ya-usan-ia-en-clase\/"},"wordCount":1024,"publisher":{"@id":"https:\/\/mioti.es\/es\/#organization"},"image":{"@id":"https:\/\/mioti.es\/es\/blog-6-de-cada-10-profesores-ya-usan-ia-en-clase\/#primaryimage"},"thumbnailUrl":"https:\/\/mioti.es\/wp-content\/uploads\/2025\/09\/6-de-cada-10-profesores-ya-usan-IA-en-clase_Miniatura-blog.webp","articleSection":["Inteligencia Artificial"],"inLanguage":"es"},{"@type":"WebPage","@id":"https:\/\/mioti.es\/es\/blog-6-de-cada-10-profesores-ya-usan-ia-en-clase\/","url":"https:\/\/mioti.es\/es\/blog-6-de-cada-10-profesores-ya-usan-ia-en-clase\/","name":"6 de cada 10 profesores ya usan IA en clase | MIOTI","isPartOf":{"@id":"https:\/\/mioti.es\/es\/#website"},"primaryImageOfPage":{"@id":"https:\/\/mioti.es\/es\/blog-6-de-cada-10-profesores-ya-usan-ia-en-clase\/#primaryimage"},"image":{"@id":"https:\/\/mioti.es\/es\/blog-6-de-cada-10-profesores-ya-usan-ia-en-clase\/#primaryimage"},"thumbnailUrl":"https:\/\/mioti.es\/wp-content\/uploads\/2025\/09\/6-de-cada-10-profesores-ya-usan-IA-en-clase_Miniatura-blog.webp","datePublished":"2025-09-24T16:03:48+00:00","description":"\ud83e\udd16La Inteligencia Artificial entra en las aulas: m\u00e1s de la mitad de los docentes ya la usan en su d\u00eda a d\u00eda. \ud83d\udc69\u200d\ud83c\udfeb \u00a1Desc\u00fabrelo aqu\u00ed!","breadcrumb":{"@id":"https:\/\/mioti.es\/es\/blog-6-de-cada-10-profesores-ya-usan-ia-en-clase\/#breadcrumb"},"inLanguage":"es","potentialAction":[{"@type":"ReadAction","target":["https:\/\/mioti.es\/es\/blog-6-de-cada-10-profesores-ya-usan-ia-en-clase\/"]}]},{"@type":"ImageObject","inLanguage":"es","@id":"https:\/\/mioti.es\/es\/blog-6-de-cada-10-profesores-ya-usan-ia-en-clase\/#primaryimage","url":"https:\/\/mioti.es\/wp-content\/uploads\/2025\/09\/6-de-cada-10-profesores-ya-usan-IA-en-clase_Miniatura-blog.webp","contentUrl":"https:\/\/mioti.es\/wp-content\/uploads\/2025\/09\/6-de-cada-10-profesores-ya-usan-IA-en-clase_Miniatura-blog.webp","width":578,"height":433,"caption":"6 de cada 10 profesores ya usan IA en clase"},{"@type":"BreadcrumbList","@id":"https:\/\/mioti.es\/es\/blog-6-de-cada-10-profesores-ya-usan-ia-en-clase\/#breadcrumb","itemListElement":[{"@type":"ListItem","position":1,"name":"Home","item":"https:\/\/mioti.es\/es\/"},{"@type":"ListItem","position":2,"name":"6 de cada 10 profesores ya usan IA en clase"}]},{"@type":"WebSite","@id":"https:\/\/mioti.es\/es\/#website","url":"https:\/\/mioti.es\/es\/","name":"MIOTI Tech & Business School","description":"Tech &amp; Business School","publisher":{"@id":"https:\/\/mioti.es\/es\/#organization"},"alternateName":"MIOTI","potentialAction":[{"@type":"SearchAction","target":{"@type":"EntryPoint","urlTemplate":"https:\/\/mioti.es\/es\/?s={search_term_string}"},"query-input":{"@type":"PropertyValueSpecification","valueRequired":true,"valueName":"search_term_string"}}],"inLanguage":"es"},{"@type":"Organization","@id":"https:\/\/mioti.es\/es\/#organization","name":"MIOTI Tech & Business School","alternateName":"MIOTI","url":"https:\/\/mioti.es\/es\/","logo":{"@type":"ImageObject","inLanguage":"es","@id":"https:\/\/mioti.es\/es\/#\/schema\/logo\/image\/","url":"https:\/\/mioti.es\/wp-content\/uploads\/2023\/09\/logo-fondo-rosa-1.webp","contentUrl":"https:\/\/mioti.es\/wp-content\/uploads\/2023\/09\/logo-fondo-rosa-1.webp","width":696,"height":696,"caption":"MIOTI Tech & Business School"},"image":{"@id":"https:\/\/mioti.es\/es\/#\/schema\/logo\/image\/"},"sameAs":["https:\/\/www.facebook.com\/MIOTISchool","https:\/\/x.com\/MyMioti","https:\/\/www.instagram.com\/mioti_school\/","https:\/\/www.linkedin.com\/school\/mioti\/"]},{"@type":"Person","@id":"https:\/\/mioti.es\/es\/#\/schema\/person\/9f3b96e6ea295e8e7d5a65763ba95336","name":"Sara Garc\u00eda","url":"https:\/\/mioti.es\/es\/author\/sara\/"}]}},"_links":{"self":[{"href":"https:\/\/mioti.es\/es\/wp-json\/wp\/v2\/posts\/42785","targetHints":{"allow":["GET"]}}],"collection":[{"href":"https:\/\/mioti.es\/es\/wp-json\/wp\/v2\/posts"}],"about":[{"href":"https:\/\/mioti.es\/es\/wp-json\/wp\/v2\/types\/post"}],"author":[{"embeddable":true,"href":"https:\/\/mioti.es\/es\/wp-json\/wp\/v2\/users\/11"}],"replies":[{"embeddable":true,"href":"https:\/\/mioti.es\/es\/wp-json\/wp\/v2\/comments?post=42785"}],"version-history":[{"count":2,"href":"https:\/\/mioti.es\/es\/wp-json\/wp\/v2\/posts\/42785\/revisions"}],"predecessor-version":[{"id":42793,"href":"https:\/\/mioti.es\/es\/wp-json\/wp\/v2\/posts\/42785\/revisions\/42793"}],"wp:featuredmedia":[{"embeddable":true,"href":"https:\/\/mioti.es\/es\/wp-json\/wp\/v2\/media\/42789"}],"wp:attachment":[{"href":"https:\/\/mioti.es\/es\/wp-json\/wp\/v2\/media?parent=42785"}],"wp:term":[{"taxonomy":"category","embeddable":true,"href":"https:\/\/mioti.es\/es\/wp-json\/wp\/v2\/categories?post=42785"}],"curies":[{"name":"wp","href":"https:\/\/api.w.org\/{rel}","templated":true}]}}