{"id":41258,"date":"2025-05-19T16:14:45","date_gmt":"2025-05-19T16:14:45","guid":{"rendered":"https:\/\/mioti.es\/?p=41258"},"modified":"2025-05-19T16:14:45","modified_gmt":"2025-05-19T16:14:45","slug":"blog-talento-formacion-e-ia-en-nuestro-data-talent-innovation-summit","status":"publish","type":"post","link":"https:\/\/mioti.es\/es\/blog-talento-formacion-e-ia-en-nuestro-data-talent-innovation-summit\/","title":{"rendered":"Talento, formaci\u00f3n e IA en nuestro Data Talent Innovation Summit"},"content":{"rendered":"<p><span style=\"font-weight: 400;\">No ha sido una jornada m\u00e1s de tendencias, ni una sucesi\u00f3n de promesas vagas sobre el futuro del trabajo. La tercera edici\u00f3n del <\/span><b>Data Talent Innovation Summit<\/b><span style=\"font-weight: 400;\">, organizada por <\/span><b>MIOTI Tech &amp; Business School<\/b><span style=\"font-weight: 400;\"> el pasado 27 de marzo, ha sido una declaraci\u00f3n clara de intenciones: la <\/span><b>inteligencia artificial generativa<\/b><span style=\"font-weight: 400;\"> ya est\u00e1 transformando el \u00e1rea de Recursos Humanos. Y lo est\u00e1 haciendo con resultados concretos.<\/span><\/p>\n<p><span style=\"font-weight: 400;\">Con la participaci\u00f3n de empresas como <\/span><b>Microsoft, Google, Cloudera, AECOC, Securitas Direct, Havas<\/b><span style=\"font-weight: 400;\"> o <\/span><b>MINEO<\/b><span style=\"font-weight: 400;\">, el evento ha reunido a l\u00edderes y profesionales del dato, la tecnolog\u00eda y el talento en una jornada tan rica en contenido como din\u00e1mica en su formato. Casos reales, conversaciones honestas, ideas en crudo y una sensaci\u00f3n general de que el cambio ya no es algo que viene, sino algo que ya se est\u00e1 pilotando, probando y escalando.<\/span><\/p>\n<h2>Formaci\u00f3n, talento y un nuevo mapa de roles<\/h2>\n<p><span style=\"font-weight: 400;\">La apertura de la jornada dej\u00f3 claro por d\u00f3nde iba a ir la conversaci\u00f3n: <\/span><b>\u201c\u00bfDe verdad estamos preparados para implementar IA en nuestras organizaciones?\u201d<\/b><span style=\"font-weight: 400;\">. No solo desde el punto de vista t\u00e9cnico, sino sobre todo desde la perspectiva humana.<\/span><\/p>\n<p><b>Fabiola P\u00e9rez<\/b><span style=\"font-weight: 400;\">, CEO y cofundadora de MIOTI Tech &amp; Business School y moderadora de las mesas, abr\u00eda el debate preguntando si las organizaciones cuentan con el talento formado que necesitan. <\/span><b>Enrique Cenizo<\/b><span style=\"font-weight: 400;\">, GenAI Sales Lead en Google, respond\u00eda sin rodeos: \u201cHay mucha gente con capacidad de aprender r\u00e1pido, pero existe un freno cultural. A veces no es un tema de skills, sino de miedo a que la IA evidencie cu\u00e1nto de nuestro trabajo es automatizable\u201d.<\/span><\/p>\n<p><span style=\"font-weight: 400;\">Desde <\/span><b>Microsoft<\/b><span style=\"font-weight: 400;\">, <\/span><b>Laura N\u00fa\u00f1ez<\/b><span style=\"font-weight: 400;\"> ofrec\u00eda una mirada m\u00e1s optimista: \u201cLo que estamos viendo es m\u00e1s hambre de conocimiento que nunca. La gente ya no viene a preguntar qu\u00e9 es esto de la IA, sino c\u00f3mo mejorar lo que ya est\u00e1n haciendo con ella\u201d.<\/span><\/p>\n<p><span style=\"font-weight: 400;\">Una de las claves repetidas a lo largo del evento fue la importancia de la <\/span><b>formaci\u00f3n continua<\/b><span style=\"font-weight: 400;\">, no solo para equipos t\u00e9cnicos, sino tambi\u00e9n para directivos, perfiles de negocio y responsables de equipo. \u201cNo se trata de saber usar un prompt, sino de entender bien las capacidades reales de estas herramientas y c\u00f3mo integrarlas de forma \u00fatil en cada rol\u201d, apuntaba <\/span><b>Daniel Torbellino<\/b><span style=\"font-weight: 400;\">, Data &amp; AI Storyteller de Cloudera.<\/span><\/p>\n<blockquote class=\"tiktok-embed\" style=\"max-width: 605px; min-width: 325px;\" cite=\"https:\/\/www.tiktok.com\/@mioti_school\/video\/7491611902586440982\" data-video-id=\"7491611902586440982\">\n<section><a title=\"@mioti_school\" href=\"https:\/\/www.tiktok.com\/@mioti_school?refer=embed\" target=\"_blank\" rel=\"noopener\">@mioti_school<\/a> \u274c La verdadera amenaza no es la IA. Es no saber c\u00f3mo trabajar con ella. La automatizaci\u00f3n es el presente. Y en este nuevo escenario, el valor diferencial surge de la combinaci\u00f3n: IA + humano. \ud83e\udde0 Esta tecnolog\u00eda puede procesar datos, automatizar tareas y predecir resultados con precisi\u00f3n. Pero liderar equipos, tomar decisiones complejas o adaptarse en medio de la incertidumbre\u2026 eso sigue siendo <a title=\"humano\" href=\"https:\/\/www.tiktok.com\/tag\/humano?refer=embed\" target=\"_blank\" rel=\"noopener\">#humano<\/a>. La clave est\u00e1 en colaborar con la IA, no competir con ella. Porque quien sepa hacerlo, tendr\u00e1 la ventaja. Y si no eres t\u00fa, ser\u00e1 otra persona. No la <a title=\"ia\" href=\"https:\/\/www.tiktok.com\/tag\/ia?refer=embed\" target=\"_blank\" rel=\"noopener\">#IA<\/a> <a title=\"\u266c Background Music(815729) - Pavel\" href=\"https:\/\/www.tiktok.com\/music\/Background-Music-815729-6860551264262965249?refer=embed\" target=\"_blank\" rel=\"noopener\">\u266c Background Music(815729) &#8211; Pavel<\/a><\/section>\n<\/blockquote>\n<p><script async src=\"https:\/\/www.tiktok.com\/embed.js\"><\/script><\/p>\n<h2>Del piloto a la adopci\u00f3n real<\/h2>\n<p><span style=\"font-weight: 400;\">Otro de los temas que cruz\u00f3 todas las conversaciones fue el <\/span><b>salto del piloto a la implantaci\u00f3n real<\/b><span style=\"font-weight: 400;\">. Muchas empresas han hecho pruebas controladas, pero pocas han escalado. \u00bfPor qu\u00e9?<\/span><\/p>\n<p><b>Marco Velasco<\/b><span style=\"font-weight: 400;\">, Data Platform Team Lead de Securitas Direct, explicaba que ese paso suele llegar cuando los equipos ven resultados tangibles. \u201cLo que marca la diferencia es cuando se pasa de la curiosidad al impacto. Y ese impacto llega m\u00e1s r\u00e1pido si se forma a los equipos y se define bien qu\u00e9 problema quieres resolver\u201d.<\/span><\/p>\n<p><b>Laura N\u00fa\u00f1ez<\/b><span style=\"font-weight: 400;\"> coincid\u00eda: \u201cEl punto de inflexi\u00f3n ocurre cuando se produce ese \u2018\u00a1ah, vale, ahora s\u00ed me sirve!\u2019. Ah\u00ed es donde empieza la verdadera adopci\u00f3n\u201d.<\/span><\/p>\n<p><span style=\"font-weight: 400;\">En ese sentido, la formaci\u00f3n vuelve a aparecer como palanca: \u201cCuando se entiende bien lo que puede hacer una IA generativa, se pasa del \u2018esto es un juguete\u2019 al \u2018esto me ahorra horas de trabajo cada semana\u2019\u201d, apuntaba <\/span><b>Fabiola P\u00e9rez<\/b><span style=\"font-weight: 400;\">.<\/span><\/p>\n<h2>Casos de uso reales: productividad, eficiencia y crecimiento<\/h2>\n<p><span style=\"font-weight: 400;\">Desde la mejora de la experiencia en e-commerce hasta la automatizaci\u00f3n de procesos cr\u00edticos en banca privada, el evento dej\u00f3 claro que la IA ya est\u00e1 creando valor.<\/span><\/p>\n<p><span style=\"font-weight: 400;\">En el caso de Google, <\/span><b>Enrique Cenizo<\/b><span style=\"font-weight: 400;\"> comparti\u00f3 la historia de un banco asi\u00e1tico que ha reducido de una semana a 30 minutos el proceso de onboarding de clientes de banca privada gracias a un sistema de agentes orquestados. \u201cSon 30 modelos trabajando en paralelo con una precisi\u00f3n superior a la humana. Solo ese caso les ahorra millones al a\u00f1o\u201d.<\/span><\/p>\n<p><span style=\"font-weight: 400;\">M\u00e1s all\u00e1 del ahorro, empiezan a surgir tambi\u00e9n iniciativas que buscan <\/span><b>generar ingresos<\/b><span style=\"font-weight: 400;\">, fidelizar clientes o abrir nuevas l\u00edneas de negocio. \u201cLa mayor\u00eda de los proyectos de hace un a\u00f1o eran de eficiencia operativa. Ahora vemos muchos m\u00e1s orientados al crecimiento\u201d, se\u00f1al\u00f3 Cenizo.<\/span><\/p>\n<p><span style=\"font-weight: 400;\">En este punto, <\/span><b>Diego Garc\u00eda<\/b><span style=\"font-weight: 400;\">, CEO de MINEO, recordaba que muchas empresas siguen en modo exploraci\u00f3n: \u201cTodav\u00eda estamos en fase de experimentaci\u00f3n. Lo importante es aterrizar los casos de uso y definir qu\u00e9 m\u00e9tricas van a mostrar que esto est\u00e1 funcionando\u201d.<\/span><\/p>\n<h2>Qu\u00e9 est\u00e1 frenando a las organizaciones<\/h2>\n<p><span style=\"font-weight: 400;\">No todo son luces. El evento tambi\u00e9n abord\u00f3 las <\/span><b>barreras m\u00e1s comunes<\/b><span style=\"font-weight: 400;\"> para que la IA avance con solidez: problemas con la calidad de los datos, arquitecturas t\u00e9cnicas complejas, procesos de decisi\u00f3n internos muy lentos, miedo al cambio y, c\u00f3mo no, la preocupaci\u00f3n por la <\/span><b>seguridad y privacidad<\/b><span style=\"font-weight: 400;\">.<\/span><\/p>\n<p><span style=\"font-weight: 400;\">Aqu\u00ed hubo consenso entre los gigantes tecnol\u00f3gicos: la seguridad ya no es una excusa para no avanzar. <\/span><b>\u201cEstamos trabajando con data centers en Espa\u00f1a, cumplimiento de todas las normativas, certificaciones, arquitectura multicloud\u2026 La seguridad est\u00e1 garantizada, lo que falta muchas veces es la confianza y la gesti\u00f3n del cambio\u201d<\/b><span style=\"font-weight: 400;\">, dijo Cenizo.<\/span><\/p>\n<p><span style=\"font-weight: 400;\">Adem\u00e1s, como record\u00f3 <\/span><b>Pere Rosell<\/b><span style=\"font-weight: 400;\">, Director de GS1 Espa\u00f1a (AECOC), \u201chay que evitar que cada departamento vaya por libre y acabe usando herramientas no auditables que pueden poner en riesgo a toda la organizaci\u00f3n. La gobernanza del dato sigue siendo clave\u201d.<\/span><\/p>\n<h2>Y para los que a\u00fan no han empezado\u2026<\/h2>\n<p><span style=\"font-weight: 400;\">Uno de los momentos m\u00e1s pr\u00e1cticos de la jornada fue cuando se abord\u00f3 la pregunta del mill\u00f3n: <\/span><b>\u00bfpor d\u00f3nde empezar si a\u00fan no has hecho nada?<\/b><\/p>\n<p><span style=\"font-weight: 400;\">Aqu\u00ed el mensaje fue claro: no empieces por las herramientas, sino por los problemas que quieres resolver. \u201cHazte la pregunta: \u00bfqu\u00e9 me gustar\u00eda poder hacer en mi trabajo que hoy no puedo? A partir de ah\u00ed, busca a quien te pueda ayudar a evaluar si la IA puede hacerlo posible\u201d, explic\u00f3 Cenizo.<\/span><\/p>\n<p><span style=\"font-weight: 400;\">Daniel Torbellino a\u00f1adi\u00f3 un consejo crucial: \u201cRevisa qu\u00e9 datos tienes y en qu\u00e9 estado est\u00e1n. Puedes tener una idea muy buena, pero si no tienes los datos o no est\u00e1n bien gobernados, no vas a llegar lejos\u201d.<\/span><\/p>\n<blockquote class=\"instagram-media\" style=\"background: #FFF; border: 0; border-radius: 3px; box-shadow: 0 0 1px 0 rgba(0,0,0,0.5),0 1px 10px 0 rgba(0,0,0,0.15); margin: 1px; max-width: 540px; min-width: 326px; padding: 0; width: calc(100% - 2px);\" data-instgrm-captioned=\"\" data-instgrm-permalink=\"https:\/\/www.instagram.com\/reel\/DIBkHpnt3Ij\/?utm_source=ig_embed&amp;utm_campaign=loading\" data-instgrm-version=\"14\">\n<div style=\"padding: 16px;\">\n<p>&nbsp;<\/p>\n<div style=\"display: flex; flex-direction: row; align-items: center;\">\n<div style=\"background-color: #f4f4f4; border-radius: 50%; flex-grow: 0; height: 40px; margin-right: 14px; width: 40px;\"><\/div>\n<div style=\"display: flex; flex-direction: column; flex-grow: 1; justify-content: center;\">\n<div style=\"background-color: #f4f4f4; border-radius: 4px; flex-grow: 0; height: 14px; margin-bottom: 6px; width: 100px;\"><\/div>\n<div style=\"background-color: #f4f4f4; border-radius: 4px; flex-grow: 0; height: 14px; width: 60px;\"><\/div>\n<\/div>\n<\/div>\n<div style=\"padding: 19% 0;\"><\/div>\n<div style=\"display: block; height: 50px; margin: 0 auto 12px; width: 50px;\"><\/div>\n<div style=\"padding-top: 8px;\">\n<div style=\"color: #3897f0; font-family: Arial,sans-serif; font-size: 14px; font-style: normal; font-weight: 550; line-height: 18px;\">View this post on Instagram<\/div>\n<\/div>\n<div style=\"padding: 12.5% 0;\"><\/div>\n<div style=\"display: flex; flex-direction: row; margin-bottom: 14px; align-items: center;\">\n<div>\n<div style=\"background-color: #f4f4f4; border-radius: 50%; height: 12.5px; width: 12.5px; transform: translateX(0px) translateY(7px);\"><\/div>\n<div style=\"background-color: #f4f4f4; height: 12.5px; transform: rotate(-45deg) translateX(3px) translateY(1px); width: 12.5px; flex-grow: 0; margin-right: 14px; margin-left: 2px;\"><\/div>\n<div style=\"background-color: #f4f4f4; border-radius: 50%; height: 12.5px; width: 12.5px; transform: translateX(9px) translateY(-18px);\"><\/div>\n<\/div>\n<div style=\"margin-left: 8px;\">\n<div style=\"background-color: #f4f4f4; border-radius: 50%; flex-grow: 0; height: 20px; width: 20px;\"><\/div>\n<div style=\"width: 0; height: 0; border-top: 2px solid transparent; border-left: 6px solid #f4f4f4; border-bottom: 2px solid transparent; transform: translateX(16px) translateY(-4px) rotate(30deg);\"><\/div>\n<\/div>\n<div style=\"margin-left: auto;\">\n<div style=\"width: 0px; border-top: 8px solid #F4F4F4; border-right: 8px solid transparent; transform: translateY(16px);\"><\/div>\n<div style=\"background-color: #f4f4f4; flex-grow: 0; height: 12px; width: 16px; transform: translateY(-4px);\"><\/div>\n<div style=\"width: 0; height: 0; border-top: 8px solid #F4F4F4; border-left: 8px solid transparent; transform: translateY(-4px) translateX(8px);\"><\/div>\n<\/div>\n<\/div>\n<div style=\"display: flex; flex-direction: column; flex-grow: 1; justify-content: center; margin-bottom: 24px;\">\n<div style=\"background-color: #f4f4f4; border-radius: 4px; flex-grow: 0; height: 14px; margin-bottom: 6px; width: 224px;\"><\/div>\n<div style=\"background-color: #f4f4f4; border-radius: 4px; flex-grow: 0; height: 14px; width: 144px;\"><\/div>\n<\/div>\n<p>&nbsp;<\/p>\n<p style=\"color: #c9c8cd; font-family: Arial,sans-serif; font-size: 14px; line-height: 17px; margin-bottom: 0; margin-top: 8px; overflow: hidden; padding: 8px 0 7px; text-align: center; text-overflow: ellipsis; white-space: nowrap;\"><a style=\"color: #c9c8cd; font-family: Arial,sans-serif; font-size: 14px; font-style: normal; font-weight: normal; line-height: 17px; text-decoration: none;\" href=\"https:\/\/www.instagram.com\/reel\/DIBkHpnt3Ij\/?utm_source=ig_embed&amp;utm_campaign=loading\" target=\"_blank\" rel=\"noopener\">A post shared by MIOTI Tech &amp; Business School (@mioti_school)<\/a><\/p>\n<\/div>\n<\/blockquote>\n<p><script async src=\"\/\/www.instagram.com\/embed.js\"><\/script><\/p>\n<h2>Menos teor\u00eda, m\u00e1s acci\u00f3n<\/h2>\n<p><span style=\"font-weight: 400;\">El <\/span><b>Data Talent Innovation Summit<\/b><span style=\"font-weight: 400;\"> no fue un evento para hablar de lo que podr\u00eda pasar, sino para mostrar lo que ya est\u00e1 pasando. Desde casos tangibles hasta ideas pr\u00e1cticas para empezar, cada ponencia fue una invitaci\u00f3n a pasar a la acci\u00f3n.<\/span><\/p>\n<p><span style=\"font-weight: 400;\">Y lo mejor: m\u00e1s all\u00e1 del escenario, en los pasillos y caf\u00e9s, se respiraba esa mezcla de <\/span><b>curiosidad, urgencia y ambici\u00f3n<\/b><span style=\"font-weight: 400;\"> que define los momentos de cambio real. Entre los asistentes \u2014profesionales de RR.HH., tecnolog\u00eda y negocio\u2014 se notaba una energ\u00eda com\u00fan: la de quienes ya no quieren quedarse en la teor\u00eda.<\/span><\/p>\n<p><b>\u201cLa IA no va a quitarte el puesto. Lo que s\u00ed puede hacerlo es no saber usarla\u201d<\/b><span style=\"font-weight: 400;\">, se escuch\u00f3 m\u00e1s de una vez. Esa frase resume bien el esp\u00edritu del evento. Y tambi\u00e9n lo que viene.<\/span><\/p>\n","protected":false},"excerpt":{"rendered":"<p>No ha sido una jornada m\u00e1s de tendencias, ni una sucesi\u00f3n de promesas vagas sobre el futuro del trabajo. La tercera edici\u00f3n del Data Talent Innovation Summit, organizada por MIOTI Tech &amp; Business School el pasado 27 de marzo, ha sido una declaraci\u00f3n clara de intenciones: la inteligencia artificial generativa ya est\u00e1 transformando el \u00e1rea [&hellip;]<\/p>\n","protected":false},"author":11,"featured_media":41283,"comment_status":"closed","ping_status":"closed","sticky":false,"template":"","format":"standard","meta":{"_acf_changed":false,"_joinchat":[],"footnotes":""},"categories":[68,290,91],"class_list":["post-41258","post","type-post","status-publish","format-standard","has-post-thumbnail","hentry","category-inteligencia-artificial","category-tendencias","category-transformacion-digital"],"acf":[],"yoast_head":"<!-- This site is optimized with the Yoast SEO Premium plugin v26.2 (Yoast SEO v27.4) - https:\/\/yoast.com\/product\/yoast-seo-premium-wordpress\/ -->\n<title>Talento, formaci\u00f3n e IA en nuestro Data Talent Innovation Summit | MIOTI<\/title>\n<meta name=\"description\" content=\"\ud83e\udde0\ud83d\ude80 Conecta con el futuro: talento, formaci\u00f3n e Inteligencia Artificial se dan cita en nuestro Summit. \u00a1Desc\u00fabrelo ahora!\" \/>\n<meta name=\"robots\" content=\"index, follow, max-snippet:-1, max-image-preview:large, max-video-preview:-1\" \/>\n<link rel=\"canonical\" href=\"https:\/\/mioti.es\/es\/blog-talento-formacion-e-ia-en-nuestro-data-talent-innovation-summit\/\" \/>\n<meta property=\"og:locale\" content=\"es_ES\" \/>\n<meta property=\"og:type\" content=\"article\" \/>\n<meta property=\"og:title\" content=\"Talento, formaci\u00f3n e IA en nuestro Data Talent Innovation Summit\" \/>\n<meta property=\"og:description\" content=\"\ud83e\udde0\ud83d\ude80 Conecta con el futuro: talento, formaci\u00f3n e Inteligencia Artificial se dan cita en nuestro Summit. \u00a1Desc\u00fabrelo ahora!\" \/>\n<meta property=\"og:url\" content=\"https:\/\/mioti.es\/es\/blog-talento-formacion-e-ia-en-nuestro-data-talent-innovation-summit\/\" \/>\n<meta property=\"og:site_name\" content=\"MIOTI\" \/>\n<meta property=\"article:publisher\" content=\"https:\/\/www.facebook.com\/MIOTISchool\" \/>\n<meta property=\"article:published_time\" content=\"2025-05-19T16:14:45+00:00\" \/>\n<meta property=\"og:image\" content=\"https:\/\/mioti.es\/wp-content\/uploads\/2025\/05\/Talento-formacion-e-IA-aplicada-en-nuestro-Data-Talent-Innovation-Summit_Miniatura-blog.webp\" \/>\n\t<meta property=\"og:image:width\" content=\"578\" \/>\n\t<meta property=\"og:image:height\" content=\"432\" \/>\n\t<meta property=\"og:image:type\" content=\"image\/webp\" \/>\n<meta name=\"author\" content=\"Sara Garc\u00eda\" \/>\n<meta name=\"twitter:card\" content=\"summary_large_image\" \/>\n<meta name=\"twitter:creator\" content=\"@MyMioti\" \/>\n<meta name=\"twitter:site\" content=\"@MyMioti\" \/>\n<meta name=\"twitter:label1\" content=\"Escrito por\" \/>\n\t<meta name=\"twitter:data1\" content=\"Sara Garc\u00eda\" \/>\n\t<meta name=\"twitter:label2\" content=\"Tiempo de lectura\" \/>\n\t<meta name=\"twitter:data2\" content=\"6 minutos\" \/>\n<script type=\"application\/ld+json\" class=\"yoast-schema-graph\">{\"@context\":\"https:\\\/\\\/schema.org\",\"@graph\":[{\"@type\":\"Article\",\"@id\":\"https:\\\/\\\/mioti.es\\\/es\\\/blog-talento-formacion-e-ia-en-nuestro-data-talent-innovation-summit\\\/#article\",\"isPartOf\":{\"@id\":\"https:\\\/\\\/mioti.es\\\/es\\\/blog-talento-formacion-e-ia-en-nuestro-data-talent-innovation-summit\\\/\"},\"author\":{\"name\":\"Sara Garc\u00eda\",\"@id\":\"https:\\\/\\\/mioti.es\\\/es\\\/#\\\/schema\\\/person\\\/9f3b96e6ea295e8e7d5a65763ba95336\"},\"headline\":\"Talento, formaci\u00f3n e IA en nuestro Data Talent Innovation Summit\",\"datePublished\":\"2025-05-19T16:14:45+00:00\",\"mainEntityOfPage\":{\"@id\":\"https:\\\/\\\/mioti.es\\\/es\\\/blog-talento-formacion-e-ia-en-nuestro-data-talent-innovation-summit\\\/\"},\"wordCount\":1335,\"publisher\":{\"@id\":\"https:\\\/\\\/mioti.es\\\/es\\\/#organization\"},\"image\":{\"@id\":\"https:\\\/\\\/mioti.es\\\/es\\\/blog-talento-formacion-e-ia-en-nuestro-data-talent-innovation-summit\\\/#primaryimage\"},\"thumbnailUrl\":\"https:\\\/\\\/mioti.es\\\/wp-content\\\/uploads\\\/2025\\\/05\\\/Talento-formacion-e-IA-aplicada-en-nuestro-Data-Talent-Innovation-Summit_Miniatura-blog.webp\",\"articleSection\":[\"Inteligencia Artificial\",\"Tendencias\",\"Transformaci\u00f3n Digital\"],\"inLanguage\":\"es\"},{\"@type\":\"WebPage\",\"@id\":\"https:\\\/\\\/mioti.es\\\/es\\\/blog-talento-formacion-e-ia-en-nuestro-data-talent-innovation-summit\\\/\",\"url\":\"https:\\\/\\\/mioti.es\\\/es\\\/blog-talento-formacion-e-ia-en-nuestro-data-talent-innovation-summit\\\/\",\"name\":\"Talento, formaci\u00f3n e IA en nuestro Data Talent Innovation Summit | MIOTI\",\"isPartOf\":{\"@id\":\"https:\\\/\\\/mioti.es\\\/es\\\/#website\"},\"primaryImageOfPage\":{\"@id\":\"https:\\\/\\\/mioti.es\\\/es\\\/blog-talento-formacion-e-ia-en-nuestro-data-talent-innovation-summit\\\/#primaryimage\"},\"image\":{\"@id\":\"https:\\\/\\\/mioti.es\\\/es\\\/blog-talento-formacion-e-ia-en-nuestro-data-talent-innovation-summit\\\/#primaryimage\"},\"thumbnailUrl\":\"https:\\\/\\\/mioti.es\\\/wp-content\\\/uploads\\\/2025\\\/05\\\/Talento-formacion-e-IA-aplicada-en-nuestro-Data-Talent-Innovation-Summit_Miniatura-blog.webp\",\"datePublished\":\"2025-05-19T16:14:45+00:00\",\"description\":\"\ud83e\udde0\ud83d\ude80 Conecta con el futuro: talento, formaci\u00f3n e Inteligencia Artificial se dan cita en nuestro Summit. \u00a1Desc\u00fabrelo ahora!\",\"breadcrumb\":{\"@id\":\"https:\\\/\\\/mioti.es\\\/es\\\/blog-talento-formacion-e-ia-en-nuestro-data-talent-innovation-summit\\\/#breadcrumb\"},\"inLanguage\":\"es\",\"potentialAction\":[{\"@type\":\"ReadAction\",\"target\":[\"https:\\\/\\\/mioti.es\\\/es\\\/blog-talento-formacion-e-ia-en-nuestro-data-talent-innovation-summit\\\/\"]}]},{\"@type\":\"ImageObject\",\"inLanguage\":\"es\",\"@id\":\"https:\\\/\\\/mioti.es\\\/es\\\/blog-talento-formacion-e-ia-en-nuestro-data-talent-innovation-summit\\\/#primaryimage\",\"url\":\"https:\\\/\\\/mioti.es\\\/wp-content\\\/uploads\\\/2025\\\/05\\\/Talento-formacion-e-IA-aplicada-en-nuestro-Data-Talent-Innovation-Summit_Miniatura-blog.webp\",\"contentUrl\":\"https:\\\/\\\/mioti.es\\\/wp-content\\\/uploads\\\/2025\\\/05\\\/Talento-formacion-e-IA-aplicada-en-nuestro-Data-Talent-Innovation-Summit_Miniatura-blog.webp\",\"width\":578,\"height\":432,\"caption\":\"MIOTI Data Talent Innovation Summit\"},{\"@type\":\"BreadcrumbList\",\"@id\":\"https:\\\/\\\/mioti.es\\\/es\\\/blog-talento-formacion-e-ia-en-nuestro-data-talent-innovation-summit\\\/#breadcrumb\",\"itemListElement\":[{\"@type\":\"ListItem\",\"position\":1,\"name\":\"Home\",\"item\":\"https:\\\/\\\/mioti.es\\\/es\\\/\"},{\"@type\":\"ListItem\",\"position\":2,\"name\":\"Talento, formaci\u00f3n e IA en nuestro Data Talent Innovation Summit\"}]},{\"@type\":\"WebSite\",\"@id\":\"https:\\\/\\\/mioti.es\\\/es\\\/#website\",\"url\":\"https:\\\/\\\/mioti.es\\\/es\\\/\",\"name\":\"MIOTI Tech & Business School\",\"description\":\"Tech &amp; Business School\",\"publisher\":{\"@id\":\"https:\\\/\\\/mioti.es\\\/es\\\/#organization\"},\"alternateName\":\"MIOTI\",\"potentialAction\":[{\"@type\":\"SearchAction\",\"target\":{\"@type\":\"EntryPoint\",\"urlTemplate\":\"https:\\\/\\\/mioti.es\\\/es\\\/?s={search_term_string}\"},\"query-input\":{\"@type\":\"PropertyValueSpecification\",\"valueRequired\":true,\"valueName\":\"search_term_string\"}}],\"inLanguage\":\"es\"},{\"@type\":\"Organization\",\"@id\":\"https:\\\/\\\/mioti.es\\\/es\\\/#organization\",\"name\":\"MIOTI Tech & Business School\",\"alternateName\":\"MIOTI\",\"url\":\"https:\\\/\\\/mioti.es\\\/es\\\/\",\"logo\":{\"@type\":\"ImageObject\",\"inLanguage\":\"es\",\"@id\":\"https:\\\/\\\/mioti.es\\\/es\\\/#\\\/schema\\\/logo\\\/image\\\/\",\"url\":\"https:\\\/\\\/mioti.es\\\/wp-content\\\/uploads\\\/2023\\\/09\\\/logo-fondo-rosa-1.webp\",\"contentUrl\":\"https:\\\/\\\/mioti.es\\\/wp-content\\\/uploads\\\/2023\\\/09\\\/logo-fondo-rosa-1.webp\",\"width\":696,\"height\":696,\"caption\":\"MIOTI Tech & Business School\"},\"image\":{\"@id\":\"https:\\\/\\\/mioti.es\\\/es\\\/#\\\/schema\\\/logo\\\/image\\\/\"},\"sameAs\":[\"https:\\\/\\\/www.facebook.com\\\/MIOTISchool\",\"https:\\\/\\\/x.com\\\/MyMioti\",\"https:\\\/\\\/www.instagram.com\\\/mioti_school\\\/\",\"https:\\\/\\\/www.linkedin.com\\\/school\\\/mioti\\\/\"]},{\"@type\":\"Person\",\"@id\":\"https:\\\/\\\/mioti.es\\\/es\\\/#\\\/schema\\\/person\\\/9f3b96e6ea295e8e7d5a65763ba95336\",\"name\":\"Sara Garc\u00eda\",\"url\":\"https:\\\/\\\/mioti.es\\\/es\\\/author\\\/sara\\\/\"}]}<\/script>\n<!-- \/ Yoast SEO Premium plugin. -->","yoast_head_json":{"title":"Talento, formaci\u00f3n e IA en nuestro Data Talent Innovation Summit | MIOTI","description":"\ud83e\udde0\ud83d\ude80 Conecta con el futuro: talento, formaci\u00f3n e Inteligencia Artificial se dan cita en nuestro Summit. \u00a1Desc\u00fabrelo ahora!","robots":{"index":"index","follow":"follow","max-snippet":"max-snippet:-1","max-image-preview":"max-image-preview:large","max-video-preview":"max-video-preview:-1"},"canonical":"https:\/\/mioti.es\/es\/blog-talento-formacion-e-ia-en-nuestro-data-talent-innovation-summit\/","og_locale":"es_ES","og_type":"article","og_title":"Talento, formaci\u00f3n e IA en nuestro Data Talent Innovation Summit","og_description":"\ud83e\udde0\ud83d\ude80 Conecta con el futuro: talento, formaci\u00f3n e Inteligencia Artificial se dan cita en nuestro Summit. \u00a1Desc\u00fabrelo ahora!","og_url":"https:\/\/mioti.es\/es\/blog-talento-formacion-e-ia-en-nuestro-data-talent-innovation-summit\/","og_site_name":"MIOTI","article_publisher":"https:\/\/www.facebook.com\/MIOTISchool","article_published_time":"2025-05-19T16:14:45+00:00","og_image":[{"width":578,"height":432,"url":"https:\/\/mioti.es\/wp-content\/uploads\/2025\/05\/Talento-formacion-e-IA-aplicada-en-nuestro-Data-Talent-Innovation-Summit_Miniatura-blog.webp","type":"image\/webp"}],"author":"Sara Garc\u00eda","twitter_card":"summary_large_image","twitter_creator":"@MyMioti","twitter_site":"@MyMioti","twitter_misc":{"Escrito por":"Sara Garc\u00eda","Tiempo de lectura":"6 minutos"},"schema":{"@context":"https:\/\/schema.org","@graph":[{"@type":"Article","@id":"https:\/\/mioti.es\/es\/blog-talento-formacion-e-ia-en-nuestro-data-talent-innovation-summit\/#article","isPartOf":{"@id":"https:\/\/mioti.es\/es\/blog-talento-formacion-e-ia-en-nuestro-data-talent-innovation-summit\/"},"author":{"name":"Sara Garc\u00eda","@id":"https:\/\/mioti.es\/es\/#\/schema\/person\/9f3b96e6ea295e8e7d5a65763ba95336"},"headline":"Talento, formaci\u00f3n e IA en nuestro Data Talent Innovation Summit","datePublished":"2025-05-19T16:14:45+00:00","mainEntityOfPage":{"@id":"https:\/\/mioti.es\/es\/blog-talento-formacion-e-ia-en-nuestro-data-talent-innovation-summit\/"},"wordCount":1335,"publisher":{"@id":"https:\/\/mioti.es\/es\/#organization"},"image":{"@id":"https:\/\/mioti.es\/es\/blog-talento-formacion-e-ia-en-nuestro-data-talent-innovation-summit\/#primaryimage"},"thumbnailUrl":"https:\/\/mioti.es\/wp-content\/uploads\/2025\/05\/Talento-formacion-e-IA-aplicada-en-nuestro-Data-Talent-Innovation-Summit_Miniatura-blog.webp","articleSection":["Inteligencia Artificial","Tendencias","Transformaci\u00f3n Digital"],"inLanguage":"es"},{"@type":"WebPage","@id":"https:\/\/mioti.es\/es\/blog-talento-formacion-e-ia-en-nuestro-data-talent-innovation-summit\/","url":"https:\/\/mioti.es\/es\/blog-talento-formacion-e-ia-en-nuestro-data-talent-innovation-summit\/","name":"Talento, formaci\u00f3n e IA en nuestro Data Talent Innovation Summit | MIOTI","isPartOf":{"@id":"https:\/\/mioti.es\/es\/#website"},"primaryImageOfPage":{"@id":"https:\/\/mioti.es\/es\/blog-talento-formacion-e-ia-en-nuestro-data-talent-innovation-summit\/#primaryimage"},"image":{"@id":"https:\/\/mioti.es\/es\/blog-talento-formacion-e-ia-en-nuestro-data-talent-innovation-summit\/#primaryimage"},"thumbnailUrl":"https:\/\/mioti.es\/wp-content\/uploads\/2025\/05\/Talento-formacion-e-IA-aplicada-en-nuestro-Data-Talent-Innovation-Summit_Miniatura-blog.webp","datePublished":"2025-05-19T16:14:45+00:00","description":"\ud83e\udde0\ud83d\ude80 Conecta con el futuro: talento, formaci\u00f3n e Inteligencia Artificial se dan cita en nuestro Summit. \u00a1Desc\u00fabrelo ahora!","breadcrumb":{"@id":"https:\/\/mioti.es\/es\/blog-talento-formacion-e-ia-en-nuestro-data-talent-innovation-summit\/#breadcrumb"},"inLanguage":"es","potentialAction":[{"@type":"ReadAction","target":["https:\/\/mioti.es\/es\/blog-talento-formacion-e-ia-en-nuestro-data-talent-innovation-summit\/"]}]},{"@type":"ImageObject","inLanguage":"es","@id":"https:\/\/mioti.es\/es\/blog-talento-formacion-e-ia-en-nuestro-data-talent-innovation-summit\/#primaryimage","url":"https:\/\/mioti.es\/wp-content\/uploads\/2025\/05\/Talento-formacion-e-IA-aplicada-en-nuestro-Data-Talent-Innovation-Summit_Miniatura-blog.webp","contentUrl":"https:\/\/mioti.es\/wp-content\/uploads\/2025\/05\/Talento-formacion-e-IA-aplicada-en-nuestro-Data-Talent-Innovation-Summit_Miniatura-blog.webp","width":578,"height":432,"caption":"MIOTI Data Talent Innovation Summit"},{"@type":"BreadcrumbList","@id":"https:\/\/mioti.es\/es\/blog-talento-formacion-e-ia-en-nuestro-data-talent-innovation-summit\/#breadcrumb","itemListElement":[{"@type":"ListItem","position":1,"name":"Home","item":"https:\/\/mioti.es\/es\/"},{"@type":"ListItem","position":2,"name":"Talento, formaci\u00f3n e IA en nuestro Data Talent Innovation Summit"}]},{"@type":"WebSite","@id":"https:\/\/mioti.es\/es\/#website","url":"https:\/\/mioti.es\/es\/","name":"MIOTI Tech & Business School","description":"Tech &amp; Business School","publisher":{"@id":"https:\/\/mioti.es\/es\/#organization"},"alternateName":"MIOTI","potentialAction":[{"@type":"SearchAction","target":{"@type":"EntryPoint","urlTemplate":"https:\/\/mioti.es\/es\/?s={search_term_string}"},"query-input":{"@type":"PropertyValueSpecification","valueRequired":true,"valueName":"search_term_string"}}],"inLanguage":"es"},{"@type":"Organization","@id":"https:\/\/mioti.es\/es\/#organization","name":"MIOTI Tech & Business School","alternateName":"MIOTI","url":"https:\/\/mioti.es\/es\/","logo":{"@type":"ImageObject","inLanguage":"es","@id":"https:\/\/mioti.es\/es\/#\/schema\/logo\/image\/","url":"https:\/\/mioti.es\/wp-content\/uploads\/2023\/09\/logo-fondo-rosa-1.webp","contentUrl":"https:\/\/mioti.es\/wp-content\/uploads\/2023\/09\/logo-fondo-rosa-1.webp","width":696,"height":696,"caption":"MIOTI Tech & Business School"},"image":{"@id":"https:\/\/mioti.es\/es\/#\/schema\/logo\/image\/"},"sameAs":["https:\/\/www.facebook.com\/MIOTISchool","https:\/\/x.com\/MyMioti","https:\/\/www.instagram.com\/mioti_school\/","https:\/\/www.linkedin.com\/school\/mioti\/"]},{"@type":"Person","@id":"https:\/\/mioti.es\/es\/#\/schema\/person\/9f3b96e6ea295e8e7d5a65763ba95336","name":"Sara Garc\u00eda","url":"https:\/\/mioti.es\/es\/author\/sara\/"}]}},"_links":{"self":[{"href":"https:\/\/mioti.es\/es\/wp-json\/wp\/v2\/posts\/41258","targetHints":{"allow":["GET"]}}],"collection":[{"href":"https:\/\/mioti.es\/es\/wp-json\/wp\/v2\/posts"}],"about":[{"href":"https:\/\/mioti.es\/es\/wp-json\/wp\/v2\/types\/post"}],"author":[{"embeddable":true,"href":"https:\/\/mioti.es\/es\/wp-json\/wp\/v2\/users\/11"}],"replies":[{"embeddable":true,"href":"https:\/\/mioti.es\/es\/wp-json\/wp\/v2\/comments?post=41258"}],"version-history":[{"count":2,"href":"https:\/\/mioti.es\/es\/wp-json\/wp\/v2\/posts\/41258\/revisions"}],"predecessor-version":[{"id":41289,"href":"https:\/\/mioti.es\/es\/wp-json\/wp\/v2\/posts\/41258\/revisions\/41289"}],"wp:featuredmedia":[{"embeddable":true,"href":"https:\/\/mioti.es\/es\/wp-json\/wp\/v2\/media\/41283"}],"wp:attachment":[{"href":"https:\/\/mioti.es\/es\/wp-json\/wp\/v2\/media?parent=41258"}],"wp:term":[{"taxonomy":"category","embeddable":true,"href":"https:\/\/mioti.es\/es\/wp-json\/wp\/v2\/categories?post=41258"}],"curies":[{"name":"wp","href":"https:\/\/api.w.org\/{rel}","templated":true}]}}