{"id":40153,"date":"2025-02-17T16:36:18","date_gmt":"2025-02-17T16:36:18","guid":{"rendered":"https:\/\/mioti.es\/?p=40153"},"modified":"2025-02-17T16:41:00","modified_gmt":"2025-02-17T16:41:00","slug":"blog-albert-rivera-nos-habla-de-los-retos-del-liderazgo-en-tiempos-de-cambio","status":"publish","type":"post","link":"https:\/\/mioti.es\/es\/blog-albert-rivera-nos-habla-de-los-retos-del-liderazgo-en-tiempos-de-cambio\/","title":{"rendered":"Albert Rivera nos habla de los retos del liderazgo en tiempos de cambio"},"content":{"rendered":"<p><span style=\"font-weight: 400;\">La <strong>Inteligencia Artificial<\/strong> (IA) est\u00e1 redefiniendo la forma en que las personas se conocen y conectan en la era digital. El desaf\u00edo ahora es<strong> encontrar un equilibrio entre la optimizaci\u00f3n algor\u00edtmica y la espontaneidad humana<\/strong> en las relaciones.\u00a0<\/span><\/p>\n<p><span style=\"font-weight: 400;\"><strong>Albert Rivera<\/strong> particip\u00f3 en nuestro \u00faltimo Fireside Chat, donde comparti\u00f3 con <strong>Fabiola P\u00e9rez<\/strong>, CEO de la escuela, su perspectiva sobre c\u00f3mo la <\/span><span style=\"font-weight: 400;\"><b>IA<\/b>\u00a0y el <strong>liderazgo<\/strong> est\u00e1n modelando el futuro laboral.<\/span><\/p>\n<p><span style=\"font-weight: 400;\">Si deseas adquirir las habilidades necesarias para <strong>liderar proyectos innovadores en IA<\/strong> como los que analizaremos a continuaci\u00f3n, tienes la oportunidad en <strong>Boston<\/strong> con nuestro <a href=\"https:\/\/mioti.es\/es\/advanced-leadership-executive-program\">Advanced Leadership Executive Program<\/a>, dise\u00f1ado junto al <a href=\"https:\/\/mitsloan.mit.edu\/\">MIT Sloan<\/a>, del que Rivera es alumno.\u00a0<\/span><\/p>\n<p><a href=\"https:\/\/mioti.es\/es\/advanced-leadership-executive-program\"><img loading=\"lazy\" decoding=\"async\" class=\"alignnone size-full wp-image-40154\" src=\"https:\/\/mioti.es\/wp-content\/uploads\/2025\/02\/Banners-blog_2025_MITEX.webp\" alt=\"Banner Advanced Leadership Executive Program\" width=\"1920\" height=\"439\" srcset=\"https:\/\/mioti.es\/wp-content\/uploads\/2025\/02\/Banners-blog_2025_MITEX.webp 1920w, https:\/\/mioti.es\/wp-content\/uploads\/2025\/02\/Banners-blog_2025_MITEX-768x176.webp 768w, https:\/\/mioti.es\/wp-content\/uploads\/2025\/02\/Banners-blog_2025_MITEX-200x46.webp 200w\" sizes=\"auto, (max-width: 1920px) 100vw, 1920px\" \/><\/a><\/p>\n<h2>La IA ya no es una opci\u00f3n, es una obligaci\u00f3n<\/h2>\n<p><span style=\"font-weight: 400;\">Rivera enfatiz\u00f3 que <strong>la IA ya no es una opci\u00f3n<\/strong>, sino una\u00a0obligaci\u00f3n. En sus palabras: <\/span><i><span style=\"font-weight: 400;\">\u00ab<strong>Quien no domine la Inteligencia Artificial probablemente quedar\u00e1 fuera del mercado laboral en los pr\u00f3ximos 5 a\u00f1os<\/strong>\u00ab<\/span><\/i><span style=\"font-weight: 400;\">. Este mensaje resuena especialmente en un contexto donde <strong>el 98,7% del tejido empresarial espa\u00f1ol son PYMEs<\/strong>, que deben ver la IA no solo como una herramienta de mejora, sino como una inversi\u00f3n clave para mantenerse competitivas. La <strong>IA<\/strong> no solo redefine el futuro del trabajo, sino que tambi\u00e9n <strong>exige una integraci\u00f3n estrat\u00e9gica<\/strong> en la cultura empresarial.<\/span><\/p>\n<p><span style=\"font-weight: 400;\">Durante la conferencia,<strong> Rivera abord\u00f3 c\u00f3mo la IA est\u00e1 transformando el mercado laboral<\/strong>. Se\u00f1al\u00f3 que en cinco a\u00f1os, un profesional que no sepa usar la IA probablemente estar\u00e1 fuera del terreno de juego. Esto subraya la <strong>necesidad de formaci\u00f3n continua y adaptaci\u00f3n para mantenerse relevante<\/strong>. Adem\u00e1s, Rivera resalt\u00f3 que el miedo al cambio es el gran freno; es humano tener miedo, pero es crucial afrontarlo estrat\u00e9gicamente para evitar impactos negativos mayores.<\/span><\/p>\n<p><span style=\"font-weight: 400;\">Adem\u00e1s, destac\u00f3 que una adecuada implementaci\u00f3n de la IA puede <strong>aumentar significativamente la productividad<\/strong>, permitiendo a las empresas optimizar sus procesos y liberar a los trabajadores para que se <strong>concentren en tareas m\u00e1s creativas y estrat\u00e9gicas<\/strong>. Esto subraya la necesidad de un liderazgo que no solo entienda la tecnolog\u00eda, sino que tambi\u00e9n valore y <strong>potencie las capacidades humanas<\/strong> para lograr un equilibrio que impulse el \u00e9xito a largo plazo.<\/span><\/p>\n<p><span style=\"font-weight: 400;\">Asimismo, fue cr\u00edtico respecto a la lentitud del sistema educativo p\u00fablico en adaptarse a las <strong>nuevas demandas del mercado<\/strong>. Subray\u00f3 que las instituciones privadas, como <strong>MIOTI<\/strong>, deben liderar la <strong>capacitaci\u00f3n en habilidades digitales<\/strong>, ya que son m\u00e1s \u00e1giles para responder a las necesidades cambiantes de las empresas.\u00a0<\/span><\/p>\n<p><iframe loading=\"lazy\" title=\"Liderazgo en tiempos de cambio | Albert Rivera\" width=\"500\" height=\"281\" src=\"https:\/\/www.youtube.com\/embed\/MDKPxEoY7Z0?feature=oembed\" frameborder=\"0\" allow=\"accelerometer; autoplay; clipboard-write; encrypted-media; gyroscope; picture-in-picture; web-share\" referrerpolicy=\"strict-origin-when-cross-origin\" allowfullscreen><\/iframe><\/p>\n<h2>Tecnolog\u00eda y humanismo: El binomio ganador<\/h2>\n<p><span style=\"font-weight: 400;\">Rivera plante\u00f3 que las empresas deben<strong> equilibrar la adopci\u00f3n de tecnolog\u00eda con el humanismo<\/strong>. Esto significa que, aunque la <strong>IA<\/strong> puede transformar procesos y mejorar la eficiencia, es fundamental que las organizaciones no pierdan de vista el valor de las habilidades humanas. La empat\u00eda, la creatividad y la capacidad de liderazgo son cualidades que, a pesar de los avances tecnol\u00f3gicos, siguen siendo insustituibles.<\/span><\/p>\n<p><span style=\"font-weight: 400;\"><strong>Albert<\/strong> <strong>cuestion\u00f3 si las empresas est\u00e1n realmente preparadas para liderar en un mundo donde la IA es esencial<\/strong>. La preparaci\u00f3n no solo implica tener la tecnolog\u00eda adecuada, sino tambi\u00e9n contar con l\u00edderes visionarios que comprendan el potencial de la IA y sepan integrarla de manera efectiva en sus operaciones. Las empresas deben fomentar una cultura de innovaci\u00f3n y aprendizaje continuo, donde la experimentaci\u00f3n y la adaptaci\u00f3n sean parte de su ADN.<\/span><\/p>\n<h2>Liderazgo en entornos VUCA<\/h2>\n<p><span style=\"font-weight: 400;\">En el contexto actual, caracterizado por ser <strong>Vol\u00e1til, Incierto, Complejo y Ambiguo (VUCA, por sus siglas en ingl\u00e9s)<\/strong>, el liderazgo juega un papel crucial. Rivera destac\u00f3 que un l\u00edder eficaz debe ser capaz de navegar estos entornos desafiantes, utilizando la <strong>IA como una herramienta para facilitar la toma de decisiones<\/strong>. La clave est\u00e1 en ser flexible y adaptable, implementando estrategias que permitan a las organizaciones responder r\u00e1pidamente a los cambios del mercado.<\/span><\/p>\n<p><span style=\"font-weight: 400;\">Rivera destac\u00f3 que un l\u00edder eficaz en un entorno VUCA debe ser <strong>adaptable y resiliente<\/strong>. La volatilidad requiere una r\u00e1pida toma de decisiones y la capacidad de ajustarse a las circunstancias cambiantes. La incertidumbre <strong>demanda l\u00edderes que puedan trabajar con datos incompletos y aun as\u00ed avanzar con confianza<\/strong>. La complejidad implica la necesidad de entender m\u00faltiples variables y c\u00f3mo interact\u00faan entre s\u00ed, mientras que <strong>la ambig\u00fcedad exige claridad y comunicaci\u00f3n<\/strong> para guiar a los equipos en medio de situaciones confusas.<\/span><\/p>\n<p><iframe loading=\"lazy\" title=\"Los l\u00edderes no temen al talento | Albert Rivera\" width=\"500\" height=\"281\" src=\"https:\/\/www.youtube.com\/embed\/9V6H0x0pXSI?feature=oembed\" frameborder=\"0\" allow=\"accelerometer; autoplay; clipboard-write; encrypted-media; gyroscope; picture-in-picture; web-share\" referrerpolicy=\"strict-origin-when-cross-origin\" allowfullscreen><\/iframe><\/p>\n<h2>Formaci\u00f3n y prop\u00f3sito<\/h2>\n<p><span style=\"font-weight: 400;\">En este sentido,\u00a0 subray\u00f3 que el<strong> liderazgo moderno no solo consiste en adoptar tecnolog\u00eda<\/strong>, sino en saber integrarla en el ADN de la empresa. La IA no sustituye a las personas, pero s\u00ed a quienes no la sepan aprovechar. La diferencia entre liderar el cambio o ser arrastrado por \u00e9l radica en la formaci\u00f3n y la visi\u00f3n estrat\u00e9gica. Rivera destac\u00f3 que <strong>el liderazgo es clave, no se trata de retener talento, sino de seducirlo e inspirarlo<\/strong>.<\/span><\/p>\n<p><span style=\"font-weight: 400;\">La charla entre Albert Rivera y Fabiola P\u00e9rez dej\u00f3 claro que la disrupci\u00f3n tecnol\u00f3gica y la IA est\u00e1n transformando el mundo empresarial, pero el <strong>verdadero diferencial sigue siendo el liderazgo<\/strong>. Una empresa no crece solo con tecnolog\u00eda, sino con l\u00edderes capaces de <strong>delegar, confiar y potenciar<\/strong> el talento adecuado.\u00a0<\/span><\/p>\n<p><span style=\"font-weight: 400;\">La gran pregunta tras este interesante Fireside Chat es: <strong>\u00bfEst\u00e1 el mundo empresarial dispuesto a hacer autocr\u00edtica y afrontar este cambio que suponen innovaciones tecnol\u00f3gicas tan disruptivas como la IA?\u00a0<\/strong><\/span><\/p>\n","protected":false},"excerpt":{"rendered":"<p>La Inteligencia Artificial (IA) est\u00e1 redefiniendo la forma en que las personas se conocen y conectan en la era digital. El desaf\u00edo ahora es encontrar un equilibrio entre la optimizaci\u00f3n algor\u00edtmica y la espontaneidad humana en las relaciones.\u00a0 Albert Rivera particip\u00f3 en nuestro \u00faltimo Fireside Chat, donde comparti\u00f3 con Fabiola P\u00e9rez, CEO de la escuela, [&hellip;]<\/p>\n","protected":false},"author":11,"featured_media":40163,"comment_status":"closed","ping_status":"closed","sticky":false,"template":"","format":"standard","meta":{"_acf_changed":false,"_joinchat":[],"footnotes":""},"categories":[68,274],"class_list":["post-40153","post","type-post","status-publish","format-standard","has-post-thumbnail","hentry","category-inteligencia-artificial","category-leadership"],"acf":[],"yoast_head":"<!-- This site is optimized with the Yoast SEO Premium plugin v26.2 (Yoast SEO v27.4) - https:\/\/yoast.com\/product\/yoast-seo-premium-wordpress\/ -->\n<title>Albert Rivera nos habla de los retos del liderazgo en tiempos de cambio | MIOTI<\/title>\n<meta name=\"description\" content=\"\ud83d\ude80\ud83e\udd1d \u00bfC\u00f3mo liderar en tiempos de incertidumbre? Albert Rivera, junto a Fabiola P\u00e9rez, nos da las claves. \u00a1Desc\u00fabrelo ahora!\" \/>\n<meta name=\"robots\" content=\"index, follow, max-snippet:-1, max-image-preview:large, max-video-preview:-1\" \/>\n<link rel=\"canonical\" href=\"https:\/\/mioti.es\/es\/blog-albert-rivera-nos-habla-de-los-retos-del-liderazgo-en-tiempos-de-cambio\/\" \/>\n<meta property=\"og:locale\" content=\"es_ES\" \/>\n<meta property=\"og:type\" content=\"article\" \/>\n<meta property=\"og:title\" content=\"Albert Rivera nos habla de los retos del liderazgo en tiempos de cambio\" \/>\n<meta property=\"og:description\" content=\"\ud83d\ude80\ud83e\udd1d \u00bfC\u00f3mo liderar en tiempos de incertidumbre? Albert Rivera, junto a Fabiola P\u00e9rez, nos da las claves. \u00a1Desc\u00fabrelo ahora!\" \/>\n<meta property=\"og:url\" content=\"https:\/\/mioti.es\/es\/blog-albert-rivera-nos-habla-de-los-retos-del-liderazgo-en-tiempos-de-cambio\/\" \/>\n<meta property=\"og:site_name\" content=\"MIOTI\" \/>\n<meta property=\"article:publisher\" content=\"https:\/\/www.facebook.com\/MIOTISchool\" \/>\n<meta property=\"article:published_time\" content=\"2025-02-17T16:36:18+00:00\" \/>\n<meta property=\"article:modified_time\" content=\"2025-02-17T16:41:00+00:00\" \/>\n<meta property=\"og:image\" content=\"https:\/\/mioti.es\/wp-content\/uploads\/2025\/02\/Albert-Rivera-nos-habla-de-los-desafios-del-liderazgo-en-tiempos-de-cambio_Miniatura-blog.webp\" \/>\n\t<meta property=\"og:image:width\" content=\"578\" \/>\n\t<meta property=\"og:image:height\" content=\"432\" \/>\n\t<meta property=\"og:image:type\" content=\"image\/webp\" \/>\n<meta name=\"author\" content=\"Sara Garc\u00eda\" \/>\n<meta name=\"twitter:card\" content=\"summary_large_image\" \/>\n<meta name=\"twitter:creator\" content=\"@MyMioti\" \/>\n<meta name=\"twitter:site\" content=\"@MyMioti\" \/>\n<meta name=\"twitter:label1\" content=\"Escrito por\" \/>\n\t<meta name=\"twitter:data1\" content=\"Sara Garc\u00eda\" \/>\n\t<meta name=\"twitter:label2\" content=\"Tiempo de lectura\" \/>\n\t<meta name=\"twitter:data2\" content=\"5 minutos\" \/>\n<script type=\"application\/ld+json\" class=\"yoast-schema-graph\">{\"@context\":\"https:\\\/\\\/schema.org\",\"@graph\":[{\"@type\":\"Article\",\"@id\":\"https:\\\/\\\/mioti.es\\\/es\\\/blog-albert-rivera-nos-habla-de-los-retos-del-liderazgo-en-tiempos-de-cambio\\\/#article\",\"isPartOf\":{\"@id\":\"https:\\\/\\\/mioti.es\\\/es\\\/blog-albert-rivera-nos-habla-de-los-retos-del-liderazgo-en-tiempos-de-cambio\\\/\"},\"author\":{\"name\":\"Sara Garc\u00eda\",\"@id\":\"https:\\\/\\\/mioti.es\\\/es\\\/#\\\/schema\\\/person\\\/9f3b96e6ea295e8e7d5a65763ba95336\"},\"headline\":\"Albert Rivera nos habla de los retos del liderazgo en tiempos de cambio\",\"datePublished\":\"2025-02-17T16:36:18+00:00\",\"dateModified\":\"2025-02-17T16:41:00+00:00\",\"mainEntityOfPage\":{\"@id\":\"https:\\\/\\\/mioti.es\\\/es\\\/blog-albert-rivera-nos-habla-de-los-retos-del-liderazgo-en-tiempos-de-cambio\\\/\"},\"wordCount\":952,\"publisher\":{\"@id\":\"https:\\\/\\\/mioti.es\\\/es\\\/#organization\"},\"image\":{\"@id\":\"https:\\\/\\\/mioti.es\\\/es\\\/blog-albert-rivera-nos-habla-de-los-retos-del-liderazgo-en-tiempos-de-cambio\\\/#primaryimage\"},\"thumbnailUrl\":\"https:\\\/\\\/mioti.es\\\/wp-content\\\/uploads\\\/2025\\\/02\\\/Albert-Rivera-nos-habla-de-los-desafios-del-liderazgo-en-tiempos-de-cambio_Miniatura-blog.webp\",\"articleSection\":[\"Inteligencia Artificial\",\"Leadership\"],\"inLanguage\":\"es\"},{\"@type\":\"WebPage\",\"@id\":\"https:\\\/\\\/mioti.es\\\/es\\\/blog-albert-rivera-nos-habla-de-los-retos-del-liderazgo-en-tiempos-de-cambio\\\/\",\"url\":\"https:\\\/\\\/mioti.es\\\/es\\\/blog-albert-rivera-nos-habla-de-los-retos-del-liderazgo-en-tiempos-de-cambio\\\/\",\"name\":\"Albert Rivera nos habla de los retos del liderazgo en tiempos de cambio | MIOTI\",\"isPartOf\":{\"@id\":\"https:\\\/\\\/mioti.es\\\/es\\\/#website\"},\"primaryImageOfPage\":{\"@id\":\"https:\\\/\\\/mioti.es\\\/es\\\/blog-albert-rivera-nos-habla-de-los-retos-del-liderazgo-en-tiempos-de-cambio\\\/#primaryimage\"},\"image\":{\"@id\":\"https:\\\/\\\/mioti.es\\\/es\\\/blog-albert-rivera-nos-habla-de-los-retos-del-liderazgo-en-tiempos-de-cambio\\\/#primaryimage\"},\"thumbnailUrl\":\"https:\\\/\\\/mioti.es\\\/wp-content\\\/uploads\\\/2025\\\/02\\\/Albert-Rivera-nos-habla-de-los-desafios-del-liderazgo-en-tiempos-de-cambio_Miniatura-blog.webp\",\"datePublished\":\"2025-02-17T16:36:18+00:00\",\"dateModified\":\"2025-02-17T16:41:00+00:00\",\"description\":\"\ud83d\ude80\ud83e\udd1d \u00bfC\u00f3mo liderar en tiempos de incertidumbre? Albert Rivera, junto a Fabiola P\u00e9rez, nos da las claves. \u00a1Desc\u00fabrelo ahora!\",\"breadcrumb\":{\"@id\":\"https:\\\/\\\/mioti.es\\\/es\\\/blog-albert-rivera-nos-habla-de-los-retos-del-liderazgo-en-tiempos-de-cambio\\\/#breadcrumb\"},\"inLanguage\":\"es\",\"potentialAction\":[{\"@type\":\"ReadAction\",\"target\":[\"https:\\\/\\\/mioti.es\\\/es\\\/blog-albert-rivera-nos-habla-de-los-retos-del-liderazgo-en-tiempos-de-cambio\\\/\"]}]},{\"@type\":\"ImageObject\",\"inLanguage\":\"es\",\"@id\":\"https:\\\/\\\/mioti.es\\\/es\\\/blog-albert-rivera-nos-habla-de-los-retos-del-liderazgo-en-tiempos-de-cambio\\\/#primaryimage\",\"url\":\"https:\\\/\\\/mioti.es\\\/wp-content\\\/uploads\\\/2025\\\/02\\\/Albert-Rivera-nos-habla-de-los-desafios-del-liderazgo-en-tiempos-de-cambio_Miniatura-blog.webp\",\"contentUrl\":\"https:\\\/\\\/mioti.es\\\/wp-content\\\/uploads\\\/2025\\\/02\\\/Albert-Rivera-nos-habla-de-los-desafios-del-liderazgo-en-tiempos-de-cambio_Miniatura-blog.webp\",\"width\":578,\"height\":432,\"caption\":\"Albert Rivera nos habla de los desaf\u00edos del liderazgo en tiempos de cambio\"},{\"@type\":\"BreadcrumbList\",\"@id\":\"https:\\\/\\\/mioti.es\\\/es\\\/blog-albert-rivera-nos-habla-de-los-retos-del-liderazgo-en-tiempos-de-cambio\\\/#breadcrumb\",\"itemListElement\":[{\"@type\":\"ListItem\",\"position\":1,\"name\":\"Home\",\"item\":\"https:\\\/\\\/mioti.es\\\/es\\\/\"},{\"@type\":\"ListItem\",\"position\":2,\"name\":\"Albert Rivera nos habla de los retos del liderazgo en tiempos de cambio\"}]},{\"@type\":\"WebSite\",\"@id\":\"https:\\\/\\\/mioti.es\\\/es\\\/#website\",\"url\":\"https:\\\/\\\/mioti.es\\\/es\\\/\",\"name\":\"MIOTI Tech & Business School\",\"description\":\"Tech &amp; Business School\",\"publisher\":{\"@id\":\"https:\\\/\\\/mioti.es\\\/es\\\/#organization\"},\"alternateName\":\"MIOTI\",\"potentialAction\":[{\"@type\":\"SearchAction\",\"target\":{\"@type\":\"EntryPoint\",\"urlTemplate\":\"https:\\\/\\\/mioti.es\\\/es\\\/?s={search_term_string}\"},\"query-input\":{\"@type\":\"PropertyValueSpecification\",\"valueRequired\":true,\"valueName\":\"search_term_string\"}}],\"inLanguage\":\"es\"},{\"@type\":\"Organization\",\"@id\":\"https:\\\/\\\/mioti.es\\\/es\\\/#organization\",\"name\":\"MIOTI Tech & Business School\",\"alternateName\":\"MIOTI\",\"url\":\"https:\\\/\\\/mioti.es\\\/es\\\/\",\"logo\":{\"@type\":\"ImageObject\",\"inLanguage\":\"es\",\"@id\":\"https:\\\/\\\/mioti.es\\\/es\\\/#\\\/schema\\\/logo\\\/image\\\/\",\"url\":\"https:\\\/\\\/mioti.es\\\/wp-content\\\/uploads\\\/2023\\\/09\\\/logo-fondo-rosa-1.webp\",\"contentUrl\":\"https:\\\/\\\/mioti.es\\\/wp-content\\\/uploads\\\/2023\\\/09\\\/logo-fondo-rosa-1.webp\",\"width\":696,\"height\":696,\"caption\":\"MIOTI Tech & Business School\"},\"image\":{\"@id\":\"https:\\\/\\\/mioti.es\\\/es\\\/#\\\/schema\\\/logo\\\/image\\\/\"},\"sameAs\":[\"https:\\\/\\\/www.facebook.com\\\/MIOTISchool\",\"https:\\\/\\\/x.com\\\/MyMioti\",\"https:\\\/\\\/www.instagram.com\\\/mioti_school\\\/\",\"https:\\\/\\\/www.linkedin.com\\\/school\\\/mioti\\\/\"]},{\"@type\":\"Person\",\"@id\":\"https:\\\/\\\/mioti.es\\\/es\\\/#\\\/schema\\\/person\\\/9f3b96e6ea295e8e7d5a65763ba95336\",\"name\":\"Sara Garc\u00eda\",\"url\":\"https:\\\/\\\/mioti.es\\\/es\\\/author\\\/sara\\\/\"}]}<\/script>\n<!-- \/ Yoast SEO Premium plugin. -->","yoast_head_json":{"title":"Albert Rivera nos habla de los retos del liderazgo en tiempos de cambio | MIOTI","description":"\ud83d\ude80\ud83e\udd1d \u00bfC\u00f3mo liderar en tiempos de incertidumbre? Albert Rivera, junto a Fabiola P\u00e9rez, nos da las claves. \u00a1Desc\u00fabrelo ahora!","robots":{"index":"index","follow":"follow","max-snippet":"max-snippet:-1","max-image-preview":"max-image-preview:large","max-video-preview":"max-video-preview:-1"},"canonical":"https:\/\/mioti.es\/es\/blog-albert-rivera-nos-habla-de-los-retos-del-liderazgo-en-tiempos-de-cambio\/","og_locale":"es_ES","og_type":"article","og_title":"Albert Rivera nos habla de los retos del liderazgo en tiempos de cambio","og_description":"\ud83d\ude80\ud83e\udd1d \u00bfC\u00f3mo liderar en tiempos de incertidumbre? Albert Rivera, junto a Fabiola P\u00e9rez, nos da las claves. \u00a1Desc\u00fabrelo ahora!","og_url":"https:\/\/mioti.es\/es\/blog-albert-rivera-nos-habla-de-los-retos-del-liderazgo-en-tiempos-de-cambio\/","og_site_name":"MIOTI","article_publisher":"https:\/\/www.facebook.com\/MIOTISchool","article_published_time":"2025-02-17T16:36:18+00:00","article_modified_time":"2025-02-17T16:41:00+00:00","og_image":[{"width":578,"height":432,"url":"https:\/\/mioti.es\/wp-content\/uploads\/2025\/02\/Albert-Rivera-nos-habla-de-los-desafios-del-liderazgo-en-tiempos-de-cambio_Miniatura-blog.webp","type":"image\/webp"}],"author":"Sara Garc\u00eda","twitter_card":"summary_large_image","twitter_creator":"@MyMioti","twitter_site":"@MyMioti","twitter_misc":{"Escrito por":"Sara Garc\u00eda","Tiempo de lectura":"5 minutos"},"schema":{"@context":"https:\/\/schema.org","@graph":[{"@type":"Article","@id":"https:\/\/mioti.es\/es\/blog-albert-rivera-nos-habla-de-los-retos-del-liderazgo-en-tiempos-de-cambio\/#article","isPartOf":{"@id":"https:\/\/mioti.es\/es\/blog-albert-rivera-nos-habla-de-los-retos-del-liderazgo-en-tiempos-de-cambio\/"},"author":{"name":"Sara Garc\u00eda","@id":"https:\/\/mioti.es\/es\/#\/schema\/person\/9f3b96e6ea295e8e7d5a65763ba95336"},"headline":"Albert Rivera nos habla de los retos del liderazgo en tiempos de cambio","datePublished":"2025-02-17T16:36:18+00:00","dateModified":"2025-02-17T16:41:00+00:00","mainEntityOfPage":{"@id":"https:\/\/mioti.es\/es\/blog-albert-rivera-nos-habla-de-los-retos-del-liderazgo-en-tiempos-de-cambio\/"},"wordCount":952,"publisher":{"@id":"https:\/\/mioti.es\/es\/#organization"},"image":{"@id":"https:\/\/mioti.es\/es\/blog-albert-rivera-nos-habla-de-los-retos-del-liderazgo-en-tiempos-de-cambio\/#primaryimage"},"thumbnailUrl":"https:\/\/mioti.es\/wp-content\/uploads\/2025\/02\/Albert-Rivera-nos-habla-de-los-desafios-del-liderazgo-en-tiempos-de-cambio_Miniatura-blog.webp","articleSection":["Inteligencia Artificial","Leadership"],"inLanguage":"es"},{"@type":"WebPage","@id":"https:\/\/mioti.es\/es\/blog-albert-rivera-nos-habla-de-los-retos-del-liderazgo-en-tiempos-de-cambio\/","url":"https:\/\/mioti.es\/es\/blog-albert-rivera-nos-habla-de-los-retos-del-liderazgo-en-tiempos-de-cambio\/","name":"Albert Rivera nos habla de los retos del liderazgo en tiempos de cambio | MIOTI","isPartOf":{"@id":"https:\/\/mioti.es\/es\/#website"},"primaryImageOfPage":{"@id":"https:\/\/mioti.es\/es\/blog-albert-rivera-nos-habla-de-los-retos-del-liderazgo-en-tiempos-de-cambio\/#primaryimage"},"image":{"@id":"https:\/\/mioti.es\/es\/blog-albert-rivera-nos-habla-de-los-retos-del-liderazgo-en-tiempos-de-cambio\/#primaryimage"},"thumbnailUrl":"https:\/\/mioti.es\/wp-content\/uploads\/2025\/02\/Albert-Rivera-nos-habla-de-los-desafios-del-liderazgo-en-tiempos-de-cambio_Miniatura-blog.webp","datePublished":"2025-02-17T16:36:18+00:00","dateModified":"2025-02-17T16:41:00+00:00","description":"\ud83d\ude80\ud83e\udd1d \u00bfC\u00f3mo liderar en tiempos de incertidumbre? Albert Rivera, junto a Fabiola P\u00e9rez, nos da las claves. \u00a1Desc\u00fabrelo ahora!","breadcrumb":{"@id":"https:\/\/mioti.es\/es\/blog-albert-rivera-nos-habla-de-los-retos-del-liderazgo-en-tiempos-de-cambio\/#breadcrumb"},"inLanguage":"es","potentialAction":[{"@type":"ReadAction","target":["https:\/\/mioti.es\/es\/blog-albert-rivera-nos-habla-de-los-retos-del-liderazgo-en-tiempos-de-cambio\/"]}]},{"@type":"ImageObject","inLanguage":"es","@id":"https:\/\/mioti.es\/es\/blog-albert-rivera-nos-habla-de-los-retos-del-liderazgo-en-tiempos-de-cambio\/#primaryimage","url":"https:\/\/mioti.es\/wp-content\/uploads\/2025\/02\/Albert-Rivera-nos-habla-de-los-desafios-del-liderazgo-en-tiempos-de-cambio_Miniatura-blog.webp","contentUrl":"https:\/\/mioti.es\/wp-content\/uploads\/2025\/02\/Albert-Rivera-nos-habla-de-los-desafios-del-liderazgo-en-tiempos-de-cambio_Miniatura-blog.webp","width":578,"height":432,"caption":"Albert Rivera nos habla de los desaf\u00edos del liderazgo en tiempos de cambio"},{"@type":"BreadcrumbList","@id":"https:\/\/mioti.es\/es\/blog-albert-rivera-nos-habla-de-los-retos-del-liderazgo-en-tiempos-de-cambio\/#breadcrumb","itemListElement":[{"@type":"ListItem","position":1,"name":"Home","item":"https:\/\/mioti.es\/es\/"},{"@type":"ListItem","position":2,"name":"Albert Rivera nos habla de los retos del liderazgo en tiempos de cambio"}]},{"@type":"WebSite","@id":"https:\/\/mioti.es\/es\/#website","url":"https:\/\/mioti.es\/es\/","name":"MIOTI Tech & Business School","description":"Tech &amp; Business School","publisher":{"@id":"https:\/\/mioti.es\/es\/#organization"},"alternateName":"MIOTI","potentialAction":[{"@type":"SearchAction","target":{"@type":"EntryPoint","urlTemplate":"https:\/\/mioti.es\/es\/?s={search_term_string}"},"query-input":{"@type":"PropertyValueSpecification","valueRequired":true,"valueName":"search_term_string"}}],"inLanguage":"es"},{"@type":"Organization","@id":"https:\/\/mioti.es\/es\/#organization","name":"MIOTI Tech & Business School","alternateName":"MIOTI","url":"https:\/\/mioti.es\/es\/","logo":{"@type":"ImageObject","inLanguage":"es","@id":"https:\/\/mioti.es\/es\/#\/schema\/logo\/image\/","url":"https:\/\/mioti.es\/wp-content\/uploads\/2023\/09\/logo-fondo-rosa-1.webp","contentUrl":"https:\/\/mioti.es\/wp-content\/uploads\/2023\/09\/logo-fondo-rosa-1.webp","width":696,"height":696,"caption":"MIOTI Tech & Business School"},"image":{"@id":"https:\/\/mioti.es\/es\/#\/schema\/logo\/image\/"},"sameAs":["https:\/\/www.facebook.com\/MIOTISchool","https:\/\/x.com\/MyMioti","https:\/\/www.instagram.com\/mioti_school\/","https:\/\/www.linkedin.com\/school\/mioti\/"]},{"@type":"Person","@id":"https:\/\/mioti.es\/es\/#\/schema\/person\/9f3b96e6ea295e8e7d5a65763ba95336","name":"Sara Garc\u00eda","url":"https:\/\/mioti.es\/es\/author\/sara\/"}]}},"_links":{"self":[{"href":"https:\/\/mioti.es\/es\/wp-json\/wp\/v2\/posts\/40153","targetHints":{"allow":["GET"]}}],"collection":[{"href":"https:\/\/mioti.es\/es\/wp-json\/wp\/v2\/posts"}],"about":[{"href":"https:\/\/mioti.es\/es\/wp-json\/wp\/v2\/types\/post"}],"author":[{"embeddable":true,"href":"https:\/\/mioti.es\/es\/wp-json\/wp\/v2\/users\/11"}],"replies":[{"embeddable":true,"href":"https:\/\/mioti.es\/es\/wp-json\/wp\/v2\/comments?post=40153"}],"version-history":[{"count":4,"href":"https:\/\/mioti.es\/es\/wp-json\/wp\/v2\/posts\/40153\/revisions"}],"predecessor-version":[{"id":40166,"href":"https:\/\/mioti.es\/es\/wp-json\/wp\/v2\/posts\/40153\/revisions\/40166"}],"wp:featuredmedia":[{"embeddable":true,"href":"https:\/\/mioti.es\/es\/wp-json\/wp\/v2\/media\/40163"}],"wp:attachment":[{"href":"https:\/\/mioti.es\/es\/wp-json\/wp\/v2\/media?parent=40153"}],"wp:term":[{"taxonomy":"category","embeddable":true,"href":"https:\/\/mioti.es\/es\/wp-json\/wp\/v2\/categories?post=40153"}],"curies":[{"name":"wp","href":"https:\/\/api.w.org\/{rel}","templated":true}]}}