{"id":35953,"date":"2024-02-26T14:00:19","date_gmt":"2024-02-26T14:00:19","guid":{"rendered":"https:\/\/mioti.es\/?p=35953"},"modified":"2024-02-26T14:00:19","modified_gmt":"2024-02-26T14:00:19","slug":"blog-benidorm-fest-un-pilar-cultural-y-economico-en-espana","status":"publish","type":"post","link":"https:\/\/mioti.es\/es\/blog-benidorm-fest-un-pilar-cultural-y-economico-en-espana\/","title":{"rendered":"Benidorm Fest: Un pilar cultural y econ\u00f3mico en Espa\u00f1a"},"content":{"rendered":"<p><span style=\"font-weight: 400;\">El <strong>Benidorm Fest<\/strong> se ha erigido como un<strong> faro cultural y econ\u00f3mico<\/strong> en el panorama musical espa\u00f1ol, irradiando influencia a trav\u00e9s de su vibrante <strong>fusi\u00f3n de m\u00fasica, turismo y espect\u00e1culo<\/strong>. Este evento, que trasciende las fronteras de la ciudad alicantina para abrazar a toda Espa\u00f1a, ha conseguido <strong>cautivar a audiencias locales e internacionales<\/strong> por igual.<\/span><\/p>\n<p><span style=\"font-weight: 400;\">Desde su g\u00e9nesis, el <strong>Benidorm Fest<\/strong> ha sido mucho m\u00e1s que un simple concurso musical: ha sido una celebraci\u00f3n de la <strong>diversidad art\u00edstica y el talento emergente<\/strong> adem\u00e1s de un important\u00edsimo evento en t\u00e9rminos de <strong>impacto econ\u00f3mico, social y digital<\/strong>. M\u00e1s all\u00e1 de las notas musicales y las melod\u00edas cautivadoras, este evento genera un <strong>flujo constante de ingresos a trav\u00e9s de la publicidad, el turismo y el comercio local<\/strong>.\u00a0<\/span><\/p>\n<p><span style=\"font-weight: 400;\">En este blog post, exploraremos las diversas facetas del <strong>Benidorm Fest<\/strong>: desde su <strong>impacto econ\u00f3mico<\/strong> hasta su presencia en las <strong>redes sociales<\/strong>, desde su papel en la promoci\u00f3n de nuevos talentos hasta su posici\u00f3n como embajador cultural de Espa\u00f1a ante el mundo.\u00a0<\/span><\/p>\n<p><iframe loading=\"lazy\" title=\"Nebulossa \u2013 \u201cZorra\u201d | Benidorm Fest 2024 | La Gran Final\" width=\"500\" height=\"281\" src=\"https:\/\/www.youtube.com\/embed\/nbWCHAoxS_s?feature=oembed\" frameborder=\"0\" allow=\"accelerometer; autoplay; clipboard-write; encrypted-media; gyroscope; picture-in-picture; web-share\" referrerpolicy=\"strict-origin-when-cross-origin\" allowfullscreen><\/iframe><\/p>\n<h2>El impacto econ\u00f3mico del Benidorm Fest: Impulsando la econom\u00eda local y nacional<\/h2>\n<p><span style=\"font-weight: 400;\">El <strong>Benidorm Fest<\/strong> no solo es un festival de m\u00fasica, es un <strong>motor econ\u00f3mico<\/strong> que impulsa el crecimiento y la prosperidad en la regi\u00f3n de Benidorm y la <strong>visibilidad de todo el pa\u00eds a nivel internacional<\/strong>. Cada a\u00f1o, este evento atrae a <strong>miles de visitantes<\/strong>, generando un flujo constante de actividad econ\u00f3mica en forma de ingresos en alojamiento, manutenci\u00f3n, entretenimiento y transporte.\u00a0<\/span><\/p>\n<h3><strong>Turismo y ocupaci\u00f3n hotelera<\/strong><\/h3>\n<p><span style=\"font-weight: 400;\">Uno de los principales impulsores econ\u00f3micos de la ciudad de Benidorm es su <strong>capacidad para atraer turistas de toda Espa\u00f1a y del extranjero<\/strong>. Durante la semana del festival, los hoteles, hostales y apartamentos de Benidorm experimentan un <strong>aumento significativo en la ocupaci\u00f3n<\/strong>, con tasas de reserva que alcanzan niveles r\u00e9cord. Este incremento en la demanda de alojamiento no solo beneficia a los propietarios de hoteles, sino tambi\u00e9n a una amplia gama de empresas relacionadas con el turismo, como restaurantes, tiendas de recuerdos y servicios de transporte.<\/span><\/p>\n<p><span style=\"font-weight: 400;\">Tanto es as\u00ed que seg\u00fan datos recopilados por la patronal hotelera Hosbec, la <strong>ocupaci\u00f3n hotelera durante el Benidorm Fest puede superar f\u00e1cilmente el 80%<\/strong>, con algunos establecimientos alcanzando tasas de ocupaci\u00f3n cercanas al 100%. Este aumento en la <strong>demanda de alojamiento<\/strong> no solo se limita a la semana del festival, sino que tambi\u00e9n tiene un impacto positivo en las reservas futuras y la percepci\u00f3n de Benidorm como un destino tur\u00edstico vibrante y din\u00e1mico.<\/span><\/p>\n<h3><strong>Gasto del turista<\/strong><\/h3>\n<p><span style=\"font-weight: 400;\">El <strong>gasto de los turistas durante el Benidorm Fest<\/strong> es otro componente importante del impacto econ\u00f3mico del evento. Desde la compra de entradas para conciertos y eventos hasta la degustaci\u00f3n de la gastronom\u00eda local, los visitantes del festival contribuyen significativamente a la econom\u00eda local a trav\u00e9s de sus gastos.<\/span><\/p>\n<p><span style=\"font-weight: 400;\">Seg\u00fan un estudio realizado por la C\u00e1tedra de Estudios Tur\u00edsticos &#8216;Pedro Zaragoza&#8217;, el gasto promedio por persona durante el Benidorm Fest <strong>puede oscilar alrededor de los 232 euros por d\u00eda<\/strong> para aquellos que se alojan en la ciudad. Adem\u00e1s, se estima que los llamados \u00ab<strong>excursionistas<\/strong>\u00ab, aquellos que visitan Benidorm pero no pernoctan, <strong>gastan un promedio de 68 euros al d\u00eda<\/strong>.<\/span><\/p>\n<h2>El impacto del Benidorm Fest en las Redes Sociales: Alcance y participaci\u00f3n global<\/h2>\n<p><span style=\"font-weight: 400;\">El <strong>Benidorm Fest<\/strong> no solo atrae la atenci\u00f3n de los asistentes locales y nacionales, sino que tambi\u00e9n <a href=\"https:\/\/www.rtve.es\/rtve\/20230206\/benidorm-fest-2023-aumenta-16-impacto-redes-sociales-rtve\/2421987.shtml\">genera un fen\u00f3meno en las redes sociales y los medios de comunicaci\u00f3n<\/a> que trasciende fronteras. A medida que el evento se desarrolla, <strong>las plataformas digitales, peri\u00f3dicos, radio y televisiones se llenan con conversaciones, publicaciones y momentos compartidos<\/strong> que reflejan la emoci\u00f3n y la energ\u00eda del festival.<\/span><\/p>\n<h3><strong>Impacto medi\u00e1tico y publicitario<\/strong><\/h3>\n<p><span style=\"font-weight: 400;\">Adem\u00e1s de su impacto econ\u00f3mico directo, el <strong>Benidorm Fest<\/strong> tambi\u00e9n ofrece una plataforma invaluable para <strong>la promoci\u00f3n y la publicidad<\/strong>. A medida que el evento se convierte en noticia en todo el pa\u00eds y m\u00e1s all\u00e1, Benidorm y sus alrededores reciben una exposici\u00f3n sin precedentes en los medios de comunicaci\u00f3n y las redes sociales.<\/span><\/p>\n<h3><strong>Trending topic mundial<\/strong><\/h3>\n<p><span style=\"font-weight: 400;\">Uno de los indicadores m\u00e1s claros del <strong>impacto del Benidorm Fest en las redes sociales<\/strong> es su capacidad para convertirse en un <strong>trending topic mundial<\/strong>. Durante la celebraci\u00f3n del festival y las distintas etapas del concurso, los hashtags oficiales <strong>#BenidormFest<\/strong> y <strong>#BenidormFest2023<\/strong> lograron ocupar el primer puesto en las <strong>tendencias mundiales en plataformas como Twitter<\/strong>. Esta haza\u00f1a no solo demuestra el alcance global del evento, sino tambi\u00e9n el nivel de participaci\u00f3n y compromiso de la audiencia en Internet.<\/span><\/p>\n<blockquote class=\"twitter-tweet\">\n<p dir=\"ltr\" lang=\"es\"><a href=\"https:\/\/twitter.com\/hashtag\/ZORRA?src=hash&amp;ref_src=twsrc%5Etfw\">#ZORRA<\/a> de Nebulossa (<a href=\"https:\/\/twitter.com\/Nebulossa_of?ref_src=twsrc%5Etfw\">@Nebulossa_of<\/a>) sigue batiendo r\u00e9cords. \ud83e\udd8a<\/p>\n<p>Es la primera canci\u00f3n de esta edici\u00f3n de Eurovisi\u00f3n que consigue 1M de visualizaciones en el canal oficial de Youtube de <a href=\"https:\/\/twitter.com\/Eurovision?ref_src=twsrc%5Etfw\">@Eurovision<\/a> <a href=\"https:\/\/t.co\/dVa0CrhrmQ\">https:\/\/t.co\/dVa0CrhrmQ<\/a> <a href=\"https:\/\/t.co\/rbe3Iye2PG\">pic.twitter.com\/rbe3Iye2PG<\/a><\/p>\n<p>\u2014 Eurovisi\u00f3n Espa\u00f1a &#8211; RTVE \ud83c\uddea\ud83c\uddf8 (@eurovision_tve) <a href=\"https:\/\/twitter.com\/eurovision_tve\/status\/1755896465937879235?ref_src=twsrc%5Etfw\">February 9, 2024<\/a><\/p><\/blockquote>\n<p><script async src=\"https:\/\/platform.twitter.com\/widgets.js\" charset=\"utf-8\"><\/script><\/p>\n<h3><strong>Interacci\u00f3n y visualizaciones<\/strong><\/h3>\n<p><span style=\"font-weight: 400;\">El Benidorm Fest 2023 registr\u00f3 un <strong>aumento significativo en el seguimiento y la participaci\u00f3n en las redes sociales<\/strong> en comparaci\u00f3n con ediciones anteriores. Seg\u00fan <strong>datos proporcionados por RTVE<\/strong>, las cuentas en redes sociales asociadas al evento experimentaron un <strong>incremento del 16% en las visualizaciones durante la semana del festival<\/strong>. Esto se traduce en m\u00e1s de <strong>62,7 millones de visualizaciones<\/strong> en plataformas como <strong>Twitter, YouTube y TikTok<\/strong>, lo que representa un aumento notable en la exposici\u00f3n del evento y sus participantes.<\/span><\/p>\n<h3><strong>Segmentaci\u00f3n demogr\u00e1fica<\/strong><\/h3>\n<p><span style=\"font-weight: 400;\">Una de las caracter\u00edsticas m\u00e1s destacadas del impacto del <strong>Benidorm Fest<\/strong> en las redes sociales es su capacidad para llegar a una <strong>amplia variedad de audiencias demogr\u00e1ficas<\/strong>. Si bien el festival atrae principalmente a <strong>j\u00f3venes y entusiastas de la m\u00fasica<\/strong>, los datos revelan que personas de todas las edades <strong>participan activamente en las conversaciones online y comparten contenido relacionado con el evento<\/strong>. Desde adolescentes que comparten v\u00eddeos de actuaciones en <strong>TikTok<\/strong> hasta j\u00f3venes y adultos que <strong>comentan y debaten sobre los resultados en Twitter<\/strong>, el Benidorm Fest ha logrado cautivar a una audiencia diversa y comprometida en el espacio digital.<\/span><\/p>\n<h3><strong>Impacto en plataformas de m\u00fasica<\/strong><\/h3>\n<p><span style=\"font-weight: 400;\">Adem\u00e1s de su presencia en redes sociales, el <strong>Benidorm Fest<\/strong> tambi\u00e9n deja una <strong>huella significativa en plataformas de m\u00fasica como Spotify y YouTube<\/strong>. Las canciones y actuaciones de los participantes acumulan millones de reproducciones y visualizaciones, lo que demuestra el <strong>inter\u00e9s del p\u00fablico en descubrir y compartir nueva m\u00fasica<\/strong>. Esta interacci\u00f3n en plataformas de m\u00fasica digital no solo beneficia a los artistas participantes, sino que tambi\u00e9n contribuye a la promoci\u00f3n del evento y su legado musical a largo plazo.<\/span><\/p>\n<h2>La repercusi\u00f3n del Benidorm Fest en la industria musical: Un impulso para los participantes y la escena nacional<\/h2>\n<p><span style=\"font-weight: 400;\">El <strong>Benidorm Fest<\/strong> no solo es un escaparate para talentos emergentes y establecidos, sino que tambi\u00e9n ejerce una influencia significativa en la industria musical espa\u00f1ola y m\u00e1s all\u00e1. Desde el impulso a las carreras de los artistas hasta la <strong>promoci\u00f3n de la diversidad musical<\/strong>, el festival desempe\u00f1a un papel crucial en la escena musical contempor\u00e1nea.<\/span><\/p>\n<h3><strong>Plataforma para el descubrimiento de talentos<\/strong><\/h3>\n<p><span style=\"font-weight: 400;\">Para los participantes, el <strong>Benidorm Fest<\/strong> representa una oportunidad de enorme valor para ganar visibilidad y reconocimiento en la industria musical. Al competir en un escenario nacional e internacional, <strong>los artistas tienen la oportunidad de presentar sus habilidades, conectarse con audiencias diversas y establecer relaciones con profesionales de la m\u00fasica y la industria del entretenimiento<\/strong>. Para muchos participantes, el festival sirve como un trampol\u00edn para lanzar sus carreras y explorar nuevas oportunidades dentro y fuera de Espa\u00f1a.<\/span><\/p>\n<h3><strong>Diversidad musical y expresi\u00f3n art\u00edstica<\/strong><\/h3>\n<p><span style=\"font-weight: 400;\">Una de las <strong>fortalezas del Benidorm Fest<\/strong> radica en su capacidad para abarcar una <strong>amplia gama de g\u00e9neros y estilos musicales<\/strong>. Desde el <strong>pop<\/strong> y el <strong>rock<\/strong> hasta el<strong> flamenco<\/strong> y la <strong>m\u00fasica electr\u00f3nica<\/strong>, el festival celebra la diversidad musical y fomenta la expresi\u00f3n art\u00edstica en todas sus formas. Esta variedad no solo <strong>enriquece la experiencia del p\u00fablico<\/strong>, sino que tambi\u00e9n refleja la riqueza cultural y creativa de la escena musical espa\u00f1ola.<\/span><\/p>\n<h3><strong>Plataforma de proyecci\u00f3n internacional<\/strong><\/h3>\n<p><span style=\"font-weight: 400;\">El alcance global del <strong>Benidorm Fest<\/strong> lo convierte en una plataforma de <strong>proyecci\u00f3n internacional para los participantes y la m\u00fasica espa\u00f1ola<\/strong> en general. A medida que el festival atrae la atenci\u00f3n de <strong>audiencias internacionales y medios de comunicaci\u00f3n de todo el mundo<\/strong>, los artistas tienen la oportunidad de ampliar su base de fans, establecer <strong>conexiones internacionales<\/strong> y explorar oportunidades de <strong>colaboraci\u00f3n y trabajo en el extranjero<\/strong>. Adem\u00e1s, la participaci\u00f3n en el Benidorm Fest puede abrir puertas para giras internacionales, festivales internacionales y otras oportunidades de exposici\u00f3n global.<\/span><\/p>\n<p>&nbsp;<\/p>\n<h2>Promoci\u00f3n de la cultura musical espa\u00f1ola<\/h2>\n<p><span style=\"font-weight: 400;\">El <strong>Benidorm Fest<\/strong> desempe\u00f1a un papel vital en la <strong>promoci\u00f3n y preservaci\u00f3n<\/strong> de la cultura musical espa\u00f1ola. Al destacar <strong>artistas locales y regionales<\/strong>, as\u00ed como g\u00e9neros y estilos aut\u00f3ctonos, el festival contribuye a la difusi\u00f3n y apreciaci\u00f3n de la m\u00fasica espa\u00f1ola en el \u00e1mbito nacional e internacional. Adem\u00e1s, el evento sirve como un <strong>escaparate para la innovaci\u00f3n y la creatividad en la escena musical espa\u00f1ola<\/strong>, ayudando a impulsar y fortalecer la identidad cultural del pa\u00eds en el \u00e1mbito musical.<\/span><\/p>\n<p><span style=\"font-weight: 400;\">En <\/span><a href=\"https:\/\/mioti.es\/es\/\"><b>MIOTI Tech &amp; Business School<\/b><\/a><b>,<\/b><span style=\"font-weight: 400;\"> destacamos por nuestra experiencia en tecnolog\u00eda y por comprender las diversas aplicaciones y facetas que esta puede abarcar. Si bien la industria musical es solo una de ellas, reconocemos que hay muchos otros campos que tambi\u00e9n son relevantes, como el marketing. En nuestra escuela, valoramos la importancia de comprender este \u00e1rea y contamos con nuestro <strong><a href=\"https:\/\/mioti.es\/es\/master-en-digital-marketing-analytics\">M\u00e1ster en Digital Marketing &amp; Analytics<\/a><\/strong>.<\/span><\/p>\n","protected":false},"excerpt":{"rendered":"<p>El Benidorm Fest se ha erigido como un faro cultural y econ\u00f3mico en el panorama musical espa\u00f1ol, irradiando influencia a trav\u00e9s de su vibrante fusi\u00f3n de m\u00fasica, turismo y espect\u00e1culo. Este evento, que trasciende las fronteras de la ciudad alicantina para abrazar a toda Espa\u00f1a, ha conseguido cautivar a audiencias locales e internacionales por igual. [&hellip;]<\/p>\n","protected":false},"author":11,"featured_media":35965,"comment_status":"closed","ping_status":"closed","sticky":false,"template":"","format":"standard","meta":{"_acf_changed":false,"_joinchat":[],"footnotes":""},"categories":[163,290],"class_list":["post-35953","post","type-post","status-publish","format-standard","has-post-thumbnail","hentry","category-marketing","category-tendencias"],"acf":[],"yoast_head":"<!-- This site is optimized with the Yoast SEO Premium plugin v26.2 (Yoast SEO v27.4) - https:\/\/yoast.com\/product\/yoast-seo-premium-wordpress\/ -->\n<title>Benidorm Fest: Un pilar cultural y econ\u00f3mico en Espa\u00f1a | MIOTI<\/title>\n<meta name=\"description\" content=\"El marketing y la innovaci\u00f3n tienen mucho que ver con el \u00e9xito del Benidorm Fest, \u00a1te contamos su impacto social, econ\u00f3mico y cultural!\" \/>\n<meta name=\"robots\" content=\"index, follow, max-snippet:-1, max-image-preview:large, max-video-preview:-1\" \/>\n<link rel=\"canonical\" href=\"https:\/\/mioti.es\/es\/blog-benidorm-fest-un-pilar-cultural-y-economico-en-espana\/\" \/>\n<meta property=\"og:locale\" content=\"es_ES\" \/>\n<meta property=\"og:type\" content=\"article\" \/>\n<meta property=\"og:title\" content=\"Benidorm Fest: Un pilar cultural y econ\u00f3mico en Espa\u00f1a\" \/>\n<meta property=\"og:description\" content=\"El marketing y la innovaci\u00f3n tienen mucho que ver con el \u00e9xito del Benidorm Fest, \u00a1te contamos su impacto social, econ\u00f3mico y cultural!\" \/>\n<meta property=\"og:url\" content=\"https:\/\/mioti.es\/es\/blog-benidorm-fest-un-pilar-cultural-y-economico-en-espana\/\" \/>\n<meta property=\"og:site_name\" content=\"MIOTI\" \/>\n<meta property=\"article:publisher\" content=\"https:\/\/www.facebook.com\/MIOTISchool\" \/>\n<meta property=\"article:published_time\" content=\"2024-02-26T14:00:19+00:00\" \/>\n<meta property=\"og:image\" content=\"https:\/\/mioti.es\/wp-content\/uploads\/2024\/02\/Benidorm-Fest_Miniatura-blog.webp\" \/>\n\t<meta property=\"og:image:width\" content=\"579\" \/>\n\t<meta property=\"og:image:height\" content=\"433\" \/>\n\t<meta property=\"og:image:type\" content=\"image\/webp\" \/>\n<meta name=\"author\" content=\"Sara Garc\u00eda\" \/>\n<meta name=\"twitter:card\" content=\"summary_large_image\" \/>\n<meta name=\"twitter:creator\" content=\"@MyMioti\" \/>\n<meta name=\"twitter:site\" content=\"@MyMioti\" \/>\n<meta name=\"twitter:label1\" content=\"Escrito por\" \/>\n\t<meta name=\"twitter:data1\" content=\"Sara Garc\u00eda\" \/>\n\t<meta name=\"twitter:label2\" content=\"Tiempo de lectura\" \/>\n\t<meta name=\"twitter:data2\" content=\"7 minutos\" \/>\n<script type=\"application\/ld+json\" class=\"yoast-schema-graph\">{\"@context\":\"https:\\\/\\\/schema.org\",\"@graph\":[{\"@type\":\"Article\",\"@id\":\"https:\\\/\\\/mioti.es\\\/es\\\/blog-benidorm-fest-un-pilar-cultural-y-economico-en-espana\\\/#article\",\"isPartOf\":{\"@id\":\"https:\\\/\\\/mioti.es\\\/es\\\/blog-benidorm-fest-un-pilar-cultural-y-economico-en-espana\\\/\"},\"author\":{\"name\":\"Sara Garc\u00eda\",\"@id\":\"https:\\\/\\\/mioti.es\\\/es\\\/#\\\/schema\\\/person\\\/9f3b96e6ea295e8e7d5a65763ba95336\"},\"headline\":\"Benidorm Fest: Un pilar cultural y econ\u00f3mico en Espa\u00f1a\",\"datePublished\":\"2024-02-26T14:00:19+00:00\",\"mainEntityOfPage\":{\"@id\":\"https:\\\/\\\/mioti.es\\\/es\\\/blog-benidorm-fest-un-pilar-cultural-y-economico-en-espana\\\/\"},\"wordCount\":1695,\"publisher\":{\"@id\":\"https:\\\/\\\/mioti.es\\\/es\\\/#organization\"},\"image\":{\"@id\":\"https:\\\/\\\/mioti.es\\\/es\\\/blog-benidorm-fest-un-pilar-cultural-y-economico-en-espana\\\/#primaryimage\"},\"thumbnailUrl\":\"https:\\\/\\\/mioti.es\\\/wp-content\\\/uploads\\\/2024\\\/02\\\/Benidorm-Fest_Miniatura-blog.webp\",\"articleSection\":[\"Marketing\",\"Tendencias\"],\"inLanguage\":\"es\"},{\"@type\":\"WebPage\",\"@id\":\"https:\\\/\\\/mioti.es\\\/es\\\/blog-benidorm-fest-un-pilar-cultural-y-economico-en-espana\\\/\",\"url\":\"https:\\\/\\\/mioti.es\\\/es\\\/blog-benidorm-fest-un-pilar-cultural-y-economico-en-espana\\\/\",\"name\":\"Benidorm Fest: Un pilar cultural y econ\u00f3mico en Espa\u00f1a | MIOTI\",\"isPartOf\":{\"@id\":\"https:\\\/\\\/mioti.es\\\/es\\\/#website\"},\"primaryImageOfPage\":{\"@id\":\"https:\\\/\\\/mioti.es\\\/es\\\/blog-benidorm-fest-un-pilar-cultural-y-economico-en-espana\\\/#primaryimage\"},\"image\":{\"@id\":\"https:\\\/\\\/mioti.es\\\/es\\\/blog-benidorm-fest-un-pilar-cultural-y-economico-en-espana\\\/#primaryimage\"},\"thumbnailUrl\":\"https:\\\/\\\/mioti.es\\\/wp-content\\\/uploads\\\/2024\\\/02\\\/Benidorm-Fest_Miniatura-blog.webp\",\"datePublished\":\"2024-02-26T14:00:19+00:00\",\"description\":\"El marketing y la innovaci\u00f3n tienen mucho que ver con el \u00e9xito del Benidorm Fest, \u00a1te contamos su impacto social, econ\u00f3mico y cultural!\",\"breadcrumb\":{\"@id\":\"https:\\\/\\\/mioti.es\\\/es\\\/blog-benidorm-fest-un-pilar-cultural-y-economico-en-espana\\\/#breadcrumb\"},\"inLanguage\":\"es\",\"potentialAction\":[{\"@type\":\"ReadAction\",\"target\":[\"https:\\\/\\\/mioti.es\\\/es\\\/blog-benidorm-fest-un-pilar-cultural-y-economico-en-espana\\\/\"]}]},{\"@type\":\"ImageObject\",\"inLanguage\":\"es\",\"@id\":\"https:\\\/\\\/mioti.es\\\/es\\\/blog-benidorm-fest-un-pilar-cultural-y-economico-en-espana\\\/#primaryimage\",\"url\":\"https:\\\/\\\/mioti.es\\\/wp-content\\\/uploads\\\/2024\\\/02\\\/Benidorm-Fest_Miniatura-blog.webp\",\"contentUrl\":\"https:\\\/\\\/mioti.es\\\/wp-content\\\/uploads\\\/2024\\\/02\\\/Benidorm-Fest_Miniatura-blog.webp\",\"width\":579,\"height\":433,\"caption\":\"Benidorm Fest\"},{\"@type\":\"BreadcrumbList\",\"@id\":\"https:\\\/\\\/mioti.es\\\/es\\\/blog-benidorm-fest-un-pilar-cultural-y-economico-en-espana\\\/#breadcrumb\",\"itemListElement\":[{\"@type\":\"ListItem\",\"position\":1,\"name\":\"Home\",\"item\":\"https:\\\/\\\/mioti.es\\\/es\\\/\"},{\"@type\":\"ListItem\",\"position\":2,\"name\":\"Benidorm Fest: Un pilar cultural y econ\u00f3mico en Espa\u00f1a\"}]},{\"@type\":\"WebSite\",\"@id\":\"https:\\\/\\\/mioti.es\\\/es\\\/#website\",\"url\":\"https:\\\/\\\/mioti.es\\\/es\\\/\",\"name\":\"MIOTI Tech & Business School\",\"description\":\"Tech &amp; Business School\",\"publisher\":{\"@id\":\"https:\\\/\\\/mioti.es\\\/es\\\/#organization\"},\"alternateName\":\"MIOTI\",\"potentialAction\":[{\"@type\":\"SearchAction\",\"target\":{\"@type\":\"EntryPoint\",\"urlTemplate\":\"https:\\\/\\\/mioti.es\\\/es\\\/?s={search_term_string}\"},\"query-input\":{\"@type\":\"PropertyValueSpecification\",\"valueRequired\":true,\"valueName\":\"search_term_string\"}}],\"inLanguage\":\"es\"},{\"@type\":\"Organization\",\"@id\":\"https:\\\/\\\/mioti.es\\\/es\\\/#organization\",\"name\":\"MIOTI Tech & Business School\",\"alternateName\":\"MIOTI\",\"url\":\"https:\\\/\\\/mioti.es\\\/es\\\/\",\"logo\":{\"@type\":\"ImageObject\",\"inLanguage\":\"es\",\"@id\":\"https:\\\/\\\/mioti.es\\\/es\\\/#\\\/schema\\\/logo\\\/image\\\/\",\"url\":\"https:\\\/\\\/mioti.es\\\/wp-content\\\/uploads\\\/2023\\\/09\\\/logo-fondo-rosa-1.webp\",\"contentUrl\":\"https:\\\/\\\/mioti.es\\\/wp-content\\\/uploads\\\/2023\\\/09\\\/logo-fondo-rosa-1.webp\",\"width\":696,\"height\":696,\"caption\":\"MIOTI Tech & Business School\"},\"image\":{\"@id\":\"https:\\\/\\\/mioti.es\\\/es\\\/#\\\/schema\\\/logo\\\/image\\\/\"},\"sameAs\":[\"https:\\\/\\\/www.facebook.com\\\/MIOTISchool\",\"https:\\\/\\\/x.com\\\/MyMioti\",\"https:\\\/\\\/www.instagram.com\\\/mioti_school\\\/\",\"https:\\\/\\\/www.linkedin.com\\\/school\\\/mioti\\\/\"]},{\"@type\":\"Person\",\"@id\":\"https:\\\/\\\/mioti.es\\\/es\\\/#\\\/schema\\\/person\\\/9f3b96e6ea295e8e7d5a65763ba95336\",\"name\":\"Sara Garc\u00eda\",\"url\":\"https:\\\/\\\/mioti.es\\\/es\\\/author\\\/sara\\\/\"}]}<\/script>\n<!-- \/ Yoast SEO Premium plugin. -->","yoast_head_json":{"title":"Benidorm Fest: Un pilar cultural y econ\u00f3mico en Espa\u00f1a | MIOTI","description":"El marketing y la innovaci\u00f3n tienen mucho que ver con el \u00e9xito del Benidorm Fest, \u00a1te contamos su impacto social, econ\u00f3mico y cultural!","robots":{"index":"index","follow":"follow","max-snippet":"max-snippet:-1","max-image-preview":"max-image-preview:large","max-video-preview":"max-video-preview:-1"},"canonical":"https:\/\/mioti.es\/es\/blog-benidorm-fest-un-pilar-cultural-y-economico-en-espana\/","og_locale":"es_ES","og_type":"article","og_title":"Benidorm Fest: Un pilar cultural y econ\u00f3mico en Espa\u00f1a","og_description":"El marketing y la innovaci\u00f3n tienen mucho que ver con el \u00e9xito del Benidorm Fest, \u00a1te contamos su impacto social, econ\u00f3mico y cultural!","og_url":"https:\/\/mioti.es\/es\/blog-benidorm-fest-un-pilar-cultural-y-economico-en-espana\/","og_site_name":"MIOTI","article_publisher":"https:\/\/www.facebook.com\/MIOTISchool","article_published_time":"2024-02-26T14:00:19+00:00","og_image":[{"width":579,"height":433,"url":"https:\/\/mioti.es\/wp-content\/uploads\/2024\/02\/Benidorm-Fest_Miniatura-blog.webp","type":"image\/webp"}],"author":"Sara Garc\u00eda","twitter_card":"summary_large_image","twitter_creator":"@MyMioti","twitter_site":"@MyMioti","twitter_misc":{"Escrito por":"Sara Garc\u00eda","Tiempo de lectura":"7 minutos"},"schema":{"@context":"https:\/\/schema.org","@graph":[{"@type":"Article","@id":"https:\/\/mioti.es\/es\/blog-benidorm-fest-un-pilar-cultural-y-economico-en-espana\/#article","isPartOf":{"@id":"https:\/\/mioti.es\/es\/blog-benidorm-fest-un-pilar-cultural-y-economico-en-espana\/"},"author":{"name":"Sara Garc\u00eda","@id":"https:\/\/mioti.es\/es\/#\/schema\/person\/9f3b96e6ea295e8e7d5a65763ba95336"},"headline":"Benidorm Fest: Un pilar cultural y econ\u00f3mico en Espa\u00f1a","datePublished":"2024-02-26T14:00:19+00:00","mainEntityOfPage":{"@id":"https:\/\/mioti.es\/es\/blog-benidorm-fest-un-pilar-cultural-y-economico-en-espana\/"},"wordCount":1695,"publisher":{"@id":"https:\/\/mioti.es\/es\/#organization"},"image":{"@id":"https:\/\/mioti.es\/es\/blog-benidorm-fest-un-pilar-cultural-y-economico-en-espana\/#primaryimage"},"thumbnailUrl":"https:\/\/mioti.es\/wp-content\/uploads\/2024\/02\/Benidorm-Fest_Miniatura-blog.webp","articleSection":["Marketing","Tendencias"],"inLanguage":"es"},{"@type":"WebPage","@id":"https:\/\/mioti.es\/es\/blog-benidorm-fest-un-pilar-cultural-y-economico-en-espana\/","url":"https:\/\/mioti.es\/es\/blog-benidorm-fest-un-pilar-cultural-y-economico-en-espana\/","name":"Benidorm Fest: Un pilar cultural y econ\u00f3mico en Espa\u00f1a | MIOTI","isPartOf":{"@id":"https:\/\/mioti.es\/es\/#website"},"primaryImageOfPage":{"@id":"https:\/\/mioti.es\/es\/blog-benidorm-fest-un-pilar-cultural-y-economico-en-espana\/#primaryimage"},"image":{"@id":"https:\/\/mioti.es\/es\/blog-benidorm-fest-un-pilar-cultural-y-economico-en-espana\/#primaryimage"},"thumbnailUrl":"https:\/\/mioti.es\/wp-content\/uploads\/2024\/02\/Benidorm-Fest_Miniatura-blog.webp","datePublished":"2024-02-26T14:00:19+00:00","description":"El marketing y la innovaci\u00f3n tienen mucho que ver con el \u00e9xito del Benidorm Fest, \u00a1te contamos su impacto social, econ\u00f3mico y cultural!","breadcrumb":{"@id":"https:\/\/mioti.es\/es\/blog-benidorm-fest-un-pilar-cultural-y-economico-en-espana\/#breadcrumb"},"inLanguage":"es","potentialAction":[{"@type":"ReadAction","target":["https:\/\/mioti.es\/es\/blog-benidorm-fest-un-pilar-cultural-y-economico-en-espana\/"]}]},{"@type":"ImageObject","inLanguage":"es","@id":"https:\/\/mioti.es\/es\/blog-benidorm-fest-un-pilar-cultural-y-economico-en-espana\/#primaryimage","url":"https:\/\/mioti.es\/wp-content\/uploads\/2024\/02\/Benidorm-Fest_Miniatura-blog.webp","contentUrl":"https:\/\/mioti.es\/wp-content\/uploads\/2024\/02\/Benidorm-Fest_Miniatura-blog.webp","width":579,"height":433,"caption":"Benidorm Fest"},{"@type":"BreadcrumbList","@id":"https:\/\/mioti.es\/es\/blog-benidorm-fest-un-pilar-cultural-y-economico-en-espana\/#breadcrumb","itemListElement":[{"@type":"ListItem","position":1,"name":"Home","item":"https:\/\/mioti.es\/es\/"},{"@type":"ListItem","position":2,"name":"Benidorm Fest: Un pilar cultural y econ\u00f3mico en Espa\u00f1a"}]},{"@type":"WebSite","@id":"https:\/\/mioti.es\/es\/#website","url":"https:\/\/mioti.es\/es\/","name":"MIOTI Tech & Business School","description":"Tech &amp; Business School","publisher":{"@id":"https:\/\/mioti.es\/es\/#organization"},"alternateName":"MIOTI","potentialAction":[{"@type":"SearchAction","target":{"@type":"EntryPoint","urlTemplate":"https:\/\/mioti.es\/es\/?s={search_term_string}"},"query-input":{"@type":"PropertyValueSpecification","valueRequired":true,"valueName":"search_term_string"}}],"inLanguage":"es"},{"@type":"Organization","@id":"https:\/\/mioti.es\/es\/#organization","name":"MIOTI Tech & Business School","alternateName":"MIOTI","url":"https:\/\/mioti.es\/es\/","logo":{"@type":"ImageObject","inLanguage":"es","@id":"https:\/\/mioti.es\/es\/#\/schema\/logo\/image\/","url":"https:\/\/mioti.es\/wp-content\/uploads\/2023\/09\/logo-fondo-rosa-1.webp","contentUrl":"https:\/\/mioti.es\/wp-content\/uploads\/2023\/09\/logo-fondo-rosa-1.webp","width":696,"height":696,"caption":"MIOTI Tech & Business School"},"image":{"@id":"https:\/\/mioti.es\/es\/#\/schema\/logo\/image\/"},"sameAs":["https:\/\/www.facebook.com\/MIOTISchool","https:\/\/x.com\/MyMioti","https:\/\/www.instagram.com\/mioti_school\/","https:\/\/www.linkedin.com\/school\/mioti\/"]},{"@type":"Person","@id":"https:\/\/mioti.es\/es\/#\/schema\/person\/9f3b96e6ea295e8e7d5a65763ba95336","name":"Sara Garc\u00eda","url":"https:\/\/mioti.es\/es\/author\/sara\/"}]}},"_links":{"self":[{"href":"https:\/\/mioti.es\/es\/wp-json\/wp\/v2\/posts\/35953","targetHints":{"allow":["GET"]}}],"collection":[{"href":"https:\/\/mioti.es\/es\/wp-json\/wp\/v2\/posts"}],"about":[{"href":"https:\/\/mioti.es\/es\/wp-json\/wp\/v2\/types\/post"}],"author":[{"embeddable":true,"href":"https:\/\/mioti.es\/es\/wp-json\/wp\/v2\/users\/11"}],"replies":[{"embeddable":true,"href":"https:\/\/mioti.es\/es\/wp-json\/wp\/v2\/comments?post=35953"}],"version-history":[{"count":8,"href":"https:\/\/mioti.es\/es\/wp-json\/wp\/v2\/posts\/35953\/revisions"}],"predecessor-version":[{"id":35972,"href":"https:\/\/mioti.es\/es\/wp-json\/wp\/v2\/posts\/35953\/revisions\/35972"}],"wp:featuredmedia":[{"embeddable":true,"href":"https:\/\/mioti.es\/es\/wp-json\/wp\/v2\/media\/35965"}],"wp:attachment":[{"href":"https:\/\/mioti.es\/es\/wp-json\/wp\/v2\/media?parent=35953"}],"wp:term":[{"taxonomy":"category","embeddable":true,"href":"https:\/\/mioti.es\/es\/wp-json\/wp\/v2\/categories?post=35953"}],"curies":[{"name":"wp","href":"https:\/\/api.w.org\/{rel}","templated":true}]}}