{"id":31485,"date":"2023-07-24T09:59:36","date_gmt":"2023-07-24T09:59:36","guid":{"rendered":"https:\/\/mioti.es\/?p=31485"},"modified":"2023-07-24T09:59:36","modified_gmt":"2023-07-24T09:59:36","slug":"dia-mundial-del-emoji-celebrando-la-comunicacion-universal","status":"publish","type":"post","link":"https:\/\/mioti.es\/es\/dia-mundial-del-emoji-celebrando-la-comunicacion-universal\/","title":{"rendered":"D\u00eda Mundial del Emoji: Celebrando la Comunicaci\u00f3n Universal"},"content":{"rendered":"<p><span style=\"font-weight: 400;\">Cada 17 de julio, el mundo se llena de color y expresi\u00f3n por la celebraci\u00f3n del <strong>D\u00eda Mundial del Emoji<\/strong>. Estos peque\u00f1os s\u00edmbolos han transformado la forma en que nos comunicamos en la era digital, capturando emociones, transmitiendo ideas y a\u00f1adiendo un toque de diversi\u00f3n a nuestras interacciones digitales. En este blog exploraremos el origen de los emojis, su impacto en la comunicaci\u00f3n y c\u00f3mo han llegado a convertirse en un lenguaje universal.<\/span><\/p>\n<p><span style=\"font-weight: 400;\">Los emojis tienen <strong>su origen en Jap\u00f3n a finales de la d\u00e9cada de 1990<\/strong>. <\/span><a href=\"https:\/\/www.lavanguardia.com\/magazine\/personalidades\/aguja-en-pajar-shigetaka-kurita-padre-los-emojis.html\"><span style=\"font-weight: 400;\">Shigetaka Kurita<\/span><\/a><span style=\"font-weight: 400;\">, un empleado de la compa\u00f1\u00eda de telecomunicaciones NTT Docomo, fue el responsable de crear el primer conjunto de 176 emojis (palabra que en japon\u00e9s significa imagen + letra), inspir\u00e1ndose en los emoticonos utilizados en las comunidades online. <strong>Estos primeros emojis fueron simples representaciones de expresiones faciales y objetos<\/strong>, dise\u00f1ados para transmitir emociones y simplificar la comunicaci\u00f3n en los mensajes de texto.<\/span><\/p>\n<p><span style=\"font-weight: 400;\">A medida que los smartphones y las aplicaciones de mensajer\u00eda se volvieron omnipresentes, los emojis ganaron popularidad r\u00e1pidamente. En 2010, <\/span><a href=\"https:\/\/home.unicode.org\/\"><span style=\"font-weight: 400;\">Unicode Consortium<\/span><\/a><span style=\"font-weight: 400;\">, una organizaci\u00f3n sin fines de lucro encargada de estandarizar los caracteres en la inform\u00e1tica,<strong> incluy\u00f3 a los emojis en su lista de caracteres universales<\/strong>. Esto permiti\u00f3 que los emojis fueran adoptados por diferentes sistemas operativos y plataformas, lo que llev\u00f3 a una expansi\u00f3n global de su uso.<\/span><\/p>\n<h2>Un lenguaje universal con impacto en la comunicaci\u00f3n<\/h2>\n<p><span style=\"font-weight: 400;\">Uno de los aspectos m\u00e1s fascinantes de los emojis es su capacidad para trascender las barreras ling\u00fc\u00edsticas y culturales. Mientras que las palabras pueden tener diferentes significados y connotaciones en distintas partes del mundo, <strong>los emojis logran transmitir emociones e ideas de manera visual, sin importar el idioma que se hable<\/strong>.<\/span><\/p>\n<p><span style=\"font-weight: 400;\">Esta universalidad ha llevado a que los emojis sean utilizados en todo tipo de contextos, desde conversaciones informales entre amigos hasta comunicaciones comerciales y pol\u00edticas. Los emojis nos permiten expresar <strong>amor, alegr\u00eda, tristeza, sorpresa y una amplia gama de sentimientos<\/strong> de una manera r\u00e1pida y efectiva.<\/span><\/p>\n<p><span style=\"font-weight: 400;\">Los emojis han transformado la forma en que nos comunicamos en la era digital. Han enriquecido nuestra capacidad para transmitir emociones y tonos en mensajes de texto, <strong>evitando malentendidos y a\u00f1adiendo un toque personal<\/strong> a nuestras interacciones en la red. Incluso han sido utilizados como herramientas de comunicaci\u00f3n para personas con discapacidades, permiti\u00e9ndoles expresarse de manera m\u00e1s completa.<\/span><\/p>\n<p><span style=\"font-weight: 400;\">Adem\u00e1s, los emojis han tenido un impacto enorme en la cultura popular y han dejado huella en diversos campos. Han inspirado la creaci\u00f3n de <strong>pel\u00edculas<\/strong> (<\/span><a href=\"https:\/\/www.youtube.com\/watch?v=czKMNTrDJ2Q\"><span style=\"font-weight: 400;\">Emoji: La Pel\u00edcula<\/span><\/a><span style=\"font-weight: 400;\">), <strong>canciones<\/strong> (<\/span><a href=\"https:\/\/www.youtube.com\/watch?v=Hv_T8qPqRnA\"><span style=\"font-weight: 400;\">Emojis de Corazones de Ozuna<\/span><\/a><span style=\"font-weight: 400;\">) e incluso <strong>exposiciones de arte<\/strong> (<\/span><a href=\"https:\/\/www.archenemyarts.com\/digital-mirrors\"><span style=\"font-weight: 400;\">Digital Mirrors<\/span><\/a><span style=\"font-weight: 400;\">). Estos emoticonos se han convertido en elementos reconocibles de la cultura contempor\u00e1nea y se utilizan como <strong>recursos creativos en el dise\u00f1o gr\u00e1fico y la publicidad<\/strong>.<\/span><\/p>\n<h2>Los desaf\u00edos y cr\u00edticas<\/h2>\n<p><span style=\"font-weight: 400;\">Aunque los emojis han sido ampliamente adoptados y amados, tambi\u00e9n han enfrentado ciertas cr\u00edticas y desaf\u00edos. Algunos argumentan que el uso excesivo de emojis puede empobrecer la escritura y afectar la capacidad de comunicaci\u00f3n verbal de las personas. Adem\u00e1s, <strong>la interpretaci\u00f3n de los emojis puede variar entre diferentes culturas<\/strong>, lo que puede dar lugar a malentendidos.<\/span><\/p>\n<p><span style=\"font-weight: 400;\">Otro desaf\u00edo importante es la falta de diversidad representativa en los emojis iniciales. Hubo cr\u00edticas sobre la falta de emojis que representaran a personas de diferentes razas, g\u00e9neros y orientaciones sexuales. Sin embargo, en los \u00faltimos a\u00f1os, <\/span><a href=\"https:\/\/www.elespanol.com\/elandroidelibre\/noticias-y-novedades\/20220919\/emojis-facilitan-comunicacion-personas-inclusivos-ayudan-mental\/704429833_0.html\"><span style=\"font-weight: 400;\">se ha trabajado<\/span><\/a><span style=\"font-weight: 400;\"> para abordar esta falta de representaci\u00f3n y <strong>se han agregado emojis m\u00e1s inclusivos y diversos<\/strong>.<\/span><\/p>\n<p><span style=\"font-weight: 400;\">En resumen, el D\u00eda Mundial del Emoji es una celebraci\u00f3n de la forma en que los emojis han transformado nuestra manera de comunicarnos en la era digital. Desde su creaci\u00f3n en Jap\u00f3n hasta su expansi\u00f3n global, <strong>los emojis han demostrado ser un lenguaje universal que trasciende las barreras culturales y ling\u00fc\u00edsticas<\/strong>. Han enriquecido nuestra comunicaci\u00f3n online, permiti\u00e9ndonos expresar emociones y transmitir ideas de manera efectiva.<\/span><\/p>\n<p><span style=\"font-weight: 400;\">Aunque los emojis tambi\u00e9n enfrentan desaf\u00edos y cr\u00edticas, no se puede negar su impacto en la sociedad y la cultura contempor\u00e1nea. Estos <strong>peque\u00f1os s\u00edmbolos<\/strong> han dejado una huella en la forma en que nos relacionamos digitalmente y <strong>contin\u00faan evolucionando<\/strong> para reflejar la diversidad y la inclusi\u00f3n en nuestra sociedad.<\/span><\/p>\n<p><span style=\"font-weight: 400;\">En <\/span><a href=\"https:\/\/mioti.es\/es\/\"><span style=\"font-weight: 400;\">MIOTI Tech &amp; Business School<\/span><\/a><span style=\"font-weight: 400;\"> somos conscientes de <strong>las posibilidades que ofrecen las tecnolog\u00edas para crear nuevos universos<\/strong>, dispositivos m\u00e1s avanzados, l\u00edneas de negocio innovadoras, tecnolog\u00edas de vanguardia o incluso nuevas formas de comunicaci\u00f3n, por eso, renovamos constantemente nuestros temarios para estar al d\u00eda en las \u00faltimas novedades tecnol\u00f3gicas, y formar a nuestros alumnos con las habilidades tecnol\u00f3gicas que demanda el mercado.<\/span><\/p>\n","protected":false},"excerpt":{"rendered":"<p>Cada 17 de julio, el mundo se llena de color y expresi\u00f3n por la celebraci\u00f3n del D\u00eda Mundial del Emoji. Estos peque\u00f1os s\u00edmbolos han transformado la forma en que nos comunicamos en la era digital, capturando emociones, transmitiendo ideas y a\u00f1adiendo un toque de diversi\u00f3n a nuestras interacciones digitales. En este blog exploraremos el origen [&hellip;]<\/p>\n","protected":false},"author":11,"featured_media":31486,"comment_status":"closed","ping_status":"closed","sticky":false,"template":"","format":"standard","meta":{"_acf_changed":false,"_joinchat":[],"footnotes":""},"categories":[272],"class_list":["post-31485","post","type-post","status-publish","format-standard","has-post-thumbnail","hentry","category-innovacion"],"acf":[],"yoast_head":"<!-- This site is optimized with the Yoast SEO Premium plugin v26.2 (Yoast SEO v27.4) - https:\/\/yoast.com\/product\/yoast-seo-premium-wordpress\/ -->\n<title>D\u00eda Mundial del Emoji: Celebrando la Comunicaci\u00f3n Universal | MIOTI<\/title>\n<meta name=\"description\" content=\"Celebramos el D\u00eda Mundial del Emoji, o de la Comunicaci\u00f3n Universal, con un recorrido desde sus or\u00edgenes hasta nuestros d\u00edas. \u00a1Acomp\u00e1\u00f1anos!\" \/>\n<meta name=\"robots\" content=\"index, follow, max-snippet:-1, max-image-preview:large, max-video-preview:-1\" \/>\n<link rel=\"canonical\" href=\"https:\/\/mioti.es\/es\/dia-mundial-del-emoji-celebrando-la-comunicacion-universal\/\" \/>\n<meta property=\"og:locale\" content=\"es_ES\" \/>\n<meta property=\"og:type\" content=\"article\" \/>\n<meta property=\"og:title\" content=\"D\u00eda Mundial del Emoji: Celebrando la Comunicaci\u00f3n Universal\" \/>\n<meta property=\"og:description\" content=\"Celebramos el D\u00eda Mundial del Emoji, o de la Comunicaci\u00f3n Universal, con un recorrido desde sus or\u00edgenes hasta nuestros d\u00edas. \u00a1Acomp\u00e1\u00f1anos!\" \/>\n<meta property=\"og:url\" content=\"https:\/\/mioti.es\/es\/dia-mundial-del-emoji-celebrando-la-comunicacion-universal\/\" \/>\n<meta property=\"og:site_name\" content=\"MIOTI\" \/>\n<meta property=\"article:publisher\" content=\"https:\/\/www.facebook.com\/MIOTISchool\" \/>\n<meta property=\"article:published_time\" content=\"2023-07-24T09:59:36+00:00\" \/>\n<meta property=\"og:image\" content=\"https:\/\/mioti.es\/wp-content\/uploads\/2023\/07\/07-23-Dia-mundial-del-emoji_14-Miniatura-blog-blog-copy.jpg\" \/>\n\t<meta property=\"og:image:width\" content=\"578\" \/>\n\t<meta property=\"og:image:height\" content=\"432\" \/>\n\t<meta property=\"og:image:type\" content=\"image\/jpeg\" \/>\n<meta name=\"author\" content=\"Sara Garc\u00eda\" \/>\n<meta name=\"twitter:card\" content=\"summary_large_image\" \/>\n<meta name=\"twitter:creator\" content=\"@MyMioti\" \/>\n<meta name=\"twitter:site\" content=\"@MyMioti\" \/>\n<meta name=\"twitter:label1\" content=\"Escrito por\" \/>\n\t<meta name=\"twitter:data1\" content=\"Sara Garc\u00eda\" \/>\n\t<meta name=\"twitter:label2\" content=\"Tiempo de lectura\" \/>\n\t<meta name=\"twitter:data2\" content=\"4 minutos\" \/>\n<script type=\"application\/ld+json\" class=\"yoast-schema-graph\">{\"@context\":\"https:\\\/\\\/schema.org\",\"@graph\":[{\"@type\":\"Article\",\"@id\":\"https:\\\/\\\/mioti.es\\\/es\\\/dia-mundial-del-emoji-celebrando-la-comunicacion-universal\\\/#article\",\"isPartOf\":{\"@id\":\"https:\\\/\\\/mioti.es\\\/es\\\/dia-mundial-del-emoji-celebrando-la-comunicacion-universal\\\/\"},\"author\":{\"name\":\"Sara Garc\u00eda\",\"@id\":\"https:\\\/\\\/mioti.es\\\/es\\\/#\\\/schema\\\/person\\\/9f3b96e6ea295e8e7d5a65763ba95336\"},\"headline\":\"D\u00eda Mundial del Emoji: Celebrando la Comunicaci\u00f3n Universal\",\"datePublished\":\"2023-07-24T09:59:36+00:00\",\"mainEntityOfPage\":{\"@id\":\"https:\\\/\\\/mioti.es\\\/es\\\/dia-mundial-del-emoji-celebrando-la-comunicacion-universal\\\/\"},\"wordCount\":821,\"publisher\":{\"@id\":\"https:\\\/\\\/mioti.es\\\/es\\\/#organization\"},\"image\":{\"@id\":\"https:\\\/\\\/mioti.es\\\/es\\\/dia-mundial-del-emoji-celebrando-la-comunicacion-universal\\\/#primaryimage\"},\"thumbnailUrl\":\"https:\\\/\\\/mioti.es\\\/wp-content\\\/uploads\\\/2023\\\/07\\\/07-23-Dia-mundial-del-emoji_14-Miniatura-blog-blog-copy.jpg\",\"articleSection\":[\"Innovaci\u00f3n\"],\"inLanguage\":\"es\"},{\"@type\":\"WebPage\",\"@id\":\"https:\\\/\\\/mioti.es\\\/es\\\/dia-mundial-del-emoji-celebrando-la-comunicacion-universal\\\/\",\"url\":\"https:\\\/\\\/mioti.es\\\/es\\\/dia-mundial-del-emoji-celebrando-la-comunicacion-universal\\\/\",\"name\":\"D\u00eda Mundial del Emoji: Celebrando la Comunicaci\u00f3n Universal | MIOTI\",\"isPartOf\":{\"@id\":\"https:\\\/\\\/mioti.es\\\/es\\\/#website\"},\"primaryImageOfPage\":{\"@id\":\"https:\\\/\\\/mioti.es\\\/es\\\/dia-mundial-del-emoji-celebrando-la-comunicacion-universal\\\/#primaryimage\"},\"image\":{\"@id\":\"https:\\\/\\\/mioti.es\\\/es\\\/dia-mundial-del-emoji-celebrando-la-comunicacion-universal\\\/#primaryimage\"},\"thumbnailUrl\":\"https:\\\/\\\/mioti.es\\\/wp-content\\\/uploads\\\/2023\\\/07\\\/07-23-Dia-mundial-del-emoji_14-Miniatura-blog-blog-copy.jpg\",\"datePublished\":\"2023-07-24T09:59:36+00:00\",\"description\":\"Celebramos el D\u00eda Mundial del Emoji, o de la Comunicaci\u00f3n Universal, con un recorrido desde sus or\u00edgenes hasta nuestros d\u00edas. \u00a1Acomp\u00e1\u00f1anos!\",\"breadcrumb\":{\"@id\":\"https:\\\/\\\/mioti.es\\\/es\\\/dia-mundial-del-emoji-celebrando-la-comunicacion-universal\\\/#breadcrumb\"},\"inLanguage\":\"es\",\"potentialAction\":[{\"@type\":\"ReadAction\",\"target\":[\"https:\\\/\\\/mioti.es\\\/es\\\/dia-mundial-del-emoji-celebrando-la-comunicacion-universal\\\/\"]}]},{\"@type\":\"ImageObject\",\"inLanguage\":\"es\",\"@id\":\"https:\\\/\\\/mioti.es\\\/es\\\/dia-mundial-del-emoji-celebrando-la-comunicacion-universal\\\/#primaryimage\",\"url\":\"https:\\\/\\\/mioti.es\\\/wp-content\\\/uploads\\\/2023\\\/07\\\/07-23-Dia-mundial-del-emoji_14-Miniatura-blog-blog-copy.jpg\",\"contentUrl\":\"https:\\\/\\\/mioti.es\\\/wp-content\\\/uploads\\\/2023\\\/07\\\/07-23-Dia-mundial-del-emoji_14-Miniatura-blog-blog-copy.jpg\",\"width\":578,\"height\":432,\"caption\":\"D\u00eda Mundial del Emoji: Celebrando la Comunicaci\u00f3n Universal\"},{\"@type\":\"BreadcrumbList\",\"@id\":\"https:\\\/\\\/mioti.es\\\/es\\\/dia-mundial-del-emoji-celebrando-la-comunicacion-universal\\\/#breadcrumb\",\"itemListElement\":[{\"@type\":\"ListItem\",\"position\":1,\"name\":\"Home\",\"item\":\"https:\\\/\\\/mioti.es\\\/es\\\/\"},{\"@type\":\"ListItem\",\"position\":2,\"name\":\"D\u00eda Mundial del Emoji: Celebrando la Comunicaci\u00f3n Universal\"}]},{\"@type\":\"WebSite\",\"@id\":\"https:\\\/\\\/mioti.es\\\/es\\\/#website\",\"url\":\"https:\\\/\\\/mioti.es\\\/es\\\/\",\"name\":\"MIOTI Tech & Business School\",\"description\":\"Tech &amp; Business School\",\"publisher\":{\"@id\":\"https:\\\/\\\/mioti.es\\\/es\\\/#organization\"},\"alternateName\":\"MIOTI\",\"potentialAction\":[{\"@type\":\"SearchAction\",\"target\":{\"@type\":\"EntryPoint\",\"urlTemplate\":\"https:\\\/\\\/mioti.es\\\/es\\\/?s={search_term_string}\"},\"query-input\":{\"@type\":\"PropertyValueSpecification\",\"valueRequired\":true,\"valueName\":\"search_term_string\"}}],\"inLanguage\":\"es\"},{\"@type\":\"Organization\",\"@id\":\"https:\\\/\\\/mioti.es\\\/es\\\/#organization\",\"name\":\"MIOTI Tech & Business School\",\"alternateName\":\"MIOTI\",\"url\":\"https:\\\/\\\/mioti.es\\\/es\\\/\",\"logo\":{\"@type\":\"ImageObject\",\"inLanguage\":\"es\",\"@id\":\"https:\\\/\\\/mioti.es\\\/es\\\/#\\\/schema\\\/logo\\\/image\\\/\",\"url\":\"https:\\\/\\\/mioti.es\\\/wp-content\\\/uploads\\\/2023\\\/09\\\/logo-fondo-rosa-1.webp\",\"contentUrl\":\"https:\\\/\\\/mioti.es\\\/wp-content\\\/uploads\\\/2023\\\/09\\\/logo-fondo-rosa-1.webp\",\"width\":696,\"height\":696,\"caption\":\"MIOTI Tech & Business School\"},\"image\":{\"@id\":\"https:\\\/\\\/mioti.es\\\/es\\\/#\\\/schema\\\/logo\\\/image\\\/\"},\"sameAs\":[\"https:\\\/\\\/www.facebook.com\\\/MIOTISchool\",\"https:\\\/\\\/x.com\\\/MyMioti\",\"https:\\\/\\\/www.instagram.com\\\/mioti_school\\\/\",\"https:\\\/\\\/www.linkedin.com\\\/school\\\/mioti\\\/\"]},{\"@type\":\"Person\",\"@id\":\"https:\\\/\\\/mioti.es\\\/es\\\/#\\\/schema\\\/person\\\/9f3b96e6ea295e8e7d5a65763ba95336\",\"name\":\"Sara Garc\u00eda\",\"url\":\"https:\\\/\\\/mioti.es\\\/es\\\/author\\\/sara\\\/\"}]}<\/script>\n<!-- \/ Yoast SEO Premium plugin. -->","yoast_head_json":{"title":"D\u00eda Mundial del Emoji: Celebrando la Comunicaci\u00f3n Universal | MIOTI","description":"Celebramos el D\u00eda Mundial del Emoji, o de la Comunicaci\u00f3n Universal, con un recorrido desde sus or\u00edgenes hasta nuestros d\u00edas. \u00a1Acomp\u00e1\u00f1anos!","robots":{"index":"index","follow":"follow","max-snippet":"max-snippet:-1","max-image-preview":"max-image-preview:large","max-video-preview":"max-video-preview:-1"},"canonical":"https:\/\/mioti.es\/es\/dia-mundial-del-emoji-celebrando-la-comunicacion-universal\/","og_locale":"es_ES","og_type":"article","og_title":"D\u00eda Mundial del Emoji: Celebrando la Comunicaci\u00f3n Universal","og_description":"Celebramos el D\u00eda Mundial del Emoji, o de la Comunicaci\u00f3n Universal, con un recorrido desde sus or\u00edgenes hasta nuestros d\u00edas. \u00a1Acomp\u00e1\u00f1anos!","og_url":"https:\/\/mioti.es\/es\/dia-mundial-del-emoji-celebrando-la-comunicacion-universal\/","og_site_name":"MIOTI","article_publisher":"https:\/\/www.facebook.com\/MIOTISchool","article_published_time":"2023-07-24T09:59:36+00:00","og_image":[{"width":578,"height":432,"url":"https:\/\/mioti.es\/wp-content\/uploads\/2023\/07\/07-23-Dia-mundial-del-emoji_14-Miniatura-blog-blog-copy.jpg","type":"image\/jpeg"}],"author":"Sara Garc\u00eda","twitter_card":"summary_large_image","twitter_creator":"@MyMioti","twitter_site":"@MyMioti","twitter_misc":{"Escrito por":"Sara Garc\u00eda","Tiempo de lectura":"4 minutos"},"schema":{"@context":"https:\/\/schema.org","@graph":[{"@type":"Article","@id":"https:\/\/mioti.es\/es\/dia-mundial-del-emoji-celebrando-la-comunicacion-universal\/#article","isPartOf":{"@id":"https:\/\/mioti.es\/es\/dia-mundial-del-emoji-celebrando-la-comunicacion-universal\/"},"author":{"name":"Sara Garc\u00eda","@id":"https:\/\/mioti.es\/es\/#\/schema\/person\/9f3b96e6ea295e8e7d5a65763ba95336"},"headline":"D\u00eda Mundial del Emoji: Celebrando la Comunicaci\u00f3n Universal","datePublished":"2023-07-24T09:59:36+00:00","mainEntityOfPage":{"@id":"https:\/\/mioti.es\/es\/dia-mundial-del-emoji-celebrando-la-comunicacion-universal\/"},"wordCount":821,"publisher":{"@id":"https:\/\/mioti.es\/es\/#organization"},"image":{"@id":"https:\/\/mioti.es\/es\/dia-mundial-del-emoji-celebrando-la-comunicacion-universal\/#primaryimage"},"thumbnailUrl":"https:\/\/mioti.es\/wp-content\/uploads\/2023\/07\/07-23-Dia-mundial-del-emoji_14-Miniatura-blog-blog-copy.jpg","articleSection":["Innovaci\u00f3n"],"inLanguage":"es"},{"@type":"WebPage","@id":"https:\/\/mioti.es\/es\/dia-mundial-del-emoji-celebrando-la-comunicacion-universal\/","url":"https:\/\/mioti.es\/es\/dia-mundial-del-emoji-celebrando-la-comunicacion-universal\/","name":"D\u00eda Mundial del Emoji: Celebrando la Comunicaci\u00f3n Universal | MIOTI","isPartOf":{"@id":"https:\/\/mioti.es\/es\/#website"},"primaryImageOfPage":{"@id":"https:\/\/mioti.es\/es\/dia-mundial-del-emoji-celebrando-la-comunicacion-universal\/#primaryimage"},"image":{"@id":"https:\/\/mioti.es\/es\/dia-mundial-del-emoji-celebrando-la-comunicacion-universal\/#primaryimage"},"thumbnailUrl":"https:\/\/mioti.es\/wp-content\/uploads\/2023\/07\/07-23-Dia-mundial-del-emoji_14-Miniatura-blog-blog-copy.jpg","datePublished":"2023-07-24T09:59:36+00:00","description":"Celebramos el D\u00eda Mundial del Emoji, o de la Comunicaci\u00f3n Universal, con un recorrido desde sus or\u00edgenes hasta nuestros d\u00edas. \u00a1Acomp\u00e1\u00f1anos!","breadcrumb":{"@id":"https:\/\/mioti.es\/es\/dia-mundial-del-emoji-celebrando-la-comunicacion-universal\/#breadcrumb"},"inLanguage":"es","potentialAction":[{"@type":"ReadAction","target":["https:\/\/mioti.es\/es\/dia-mundial-del-emoji-celebrando-la-comunicacion-universal\/"]}]},{"@type":"ImageObject","inLanguage":"es","@id":"https:\/\/mioti.es\/es\/dia-mundial-del-emoji-celebrando-la-comunicacion-universal\/#primaryimage","url":"https:\/\/mioti.es\/wp-content\/uploads\/2023\/07\/07-23-Dia-mundial-del-emoji_14-Miniatura-blog-blog-copy.jpg","contentUrl":"https:\/\/mioti.es\/wp-content\/uploads\/2023\/07\/07-23-Dia-mundial-del-emoji_14-Miniatura-blog-blog-copy.jpg","width":578,"height":432,"caption":"D\u00eda Mundial del Emoji: Celebrando la Comunicaci\u00f3n Universal"},{"@type":"BreadcrumbList","@id":"https:\/\/mioti.es\/es\/dia-mundial-del-emoji-celebrando-la-comunicacion-universal\/#breadcrumb","itemListElement":[{"@type":"ListItem","position":1,"name":"Home","item":"https:\/\/mioti.es\/es\/"},{"@type":"ListItem","position":2,"name":"D\u00eda Mundial del Emoji: Celebrando la Comunicaci\u00f3n Universal"}]},{"@type":"WebSite","@id":"https:\/\/mioti.es\/es\/#website","url":"https:\/\/mioti.es\/es\/","name":"MIOTI Tech & Business School","description":"Tech &amp; Business School","publisher":{"@id":"https:\/\/mioti.es\/es\/#organization"},"alternateName":"MIOTI","potentialAction":[{"@type":"SearchAction","target":{"@type":"EntryPoint","urlTemplate":"https:\/\/mioti.es\/es\/?s={search_term_string}"},"query-input":{"@type":"PropertyValueSpecification","valueRequired":true,"valueName":"search_term_string"}}],"inLanguage":"es"},{"@type":"Organization","@id":"https:\/\/mioti.es\/es\/#organization","name":"MIOTI Tech & Business School","alternateName":"MIOTI","url":"https:\/\/mioti.es\/es\/","logo":{"@type":"ImageObject","inLanguage":"es","@id":"https:\/\/mioti.es\/es\/#\/schema\/logo\/image\/","url":"https:\/\/mioti.es\/wp-content\/uploads\/2023\/09\/logo-fondo-rosa-1.webp","contentUrl":"https:\/\/mioti.es\/wp-content\/uploads\/2023\/09\/logo-fondo-rosa-1.webp","width":696,"height":696,"caption":"MIOTI Tech & Business School"},"image":{"@id":"https:\/\/mioti.es\/es\/#\/schema\/logo\/image\/"},"sameAs":["https:\/\/www.facebook.com\/MIOTISchool","https:\/\/x.com\/MyMioti","https:\/\/www.instagram.com\/mioti_school\/","https:\/\/www.linkedin.com\/school\/mioti\/"]},{"@type":"Person","@id":"https:\/\/mioti.es\/es\/#\/schema\/person\/9f3b96e6ea295e8e7d5a65763ba95336","name":"Sara Garc\u00eda","url":"https:\/\/mioti.es\/es\/author\/sara\/"}]}},"_links":{"self":[{"href":"https:\/\/mioti.es\/es\/wp-json\/wp\/v2\/posts\/31485","targetHints":{"allow":["GET"]}}],"collection":[{"href":"https:\/\/mioti.es\/es\/wp-json\/wp\/v2\/posts"}],"about":[{"href":"https:\/\/mioti.es\/es\/wp-json\/wp\/v2\/types\/post"}],"author":[{"embeddable":true,"href":"https:\/\/mioti.es\/es\/wp-json\/wp\/v2\/users\/11"}],"replies":[{"embeddable":true,"href":"https:\/\/mioti.es\/es\/wp-json\/wp\/v2\/comments?post=31485"}],"version-history":[{"count":3,"href":"https:\/\/mioti.es\/es\/wp-json\/wp\/v2\/posts\/31485\/revisions"}],"predecessor-version":[{"id":31494,"href":"https:\/\/mioti.es\/es\/wp-json\/wp\/v2\/posts\/31485\/revisions\/31494"}],"wp:featuredmedia":[{"embeddable":true,"href":"https:\/\/mioti.es\/es\/wp-json\/wp\/v2\/media\/31486"}],"wp:attachment":[{"href":"https:\/\/mioti.es\/es\/wp-json\/wp\/v2\/media?parent=31485"}],"wp:term":[{"taxonomy":"category","embeddable":true,"href":"https:\/\/mioti.es\/es\/wp-json\/wp\/v2\/categories?post=31485"}],"curies":[{"name":"wp","href":"https:\/\/api.w.org\/{rel}","templated":true}]}}