{"id":29552,"date":"2023-05-03T15:24:14","date_gmt":"2023-05-03T15:24:14","guid":{"rendered":"https:\/\/mioti.es\/?p=29552"},"modified":"2023-05-03T15:24:14","modified_gmt":"2023-05-03T15:24:14","slug":"el-dilema-etico-del-uso-de-la-inteligencia-artificial","status":"publish","type":"post","link":"https:\/\/mioti.es\/es\/el-dilema-etico-del-uso-de-la-inteligencia-artificial\/","title":{"rendered":"El dilema \u00e9tico del uso de la Inteligencia Artificial"},"content":{"rendered":"<p><span style=\"font-weight: 400;\">La Inteligencia Artificial (IA) es la capacidad de las m\u00e1quinas para <strong>realizar tareas que normalmente requieren inteligencia humana, como el aprendizaje, la resoluci\u00f3n de problemas y la comprensi\u00f3n del lenguaje natural<\/strong>. Como campo de estudio, la IA naci\u00f3 en la d\u00e9cada de 1950 y desde entonces, ha evolucionado significativamente hasta convertirse en una herramienta esencial en numerosas industrias y campos de investigaci\u00f3n.<\/span><\/p>\n<p><span style=\"font-weight: 400;\">A pesar de sus m\u00faltiples beneficios y aplicaciones en diversos campos como por ejemplo <strong>la automatizaci\u00f3n de procesos empresariales, la precisi\u00f3n y eficiencia de los diagn\u00f3sticos m\u00e9dicos<\/strong>, la optimizaci\u00f3n de recursos, la <strong>prevenci\u00f3n de delitos<\/strong> o el desarrollo de dispositivos inteligentes, la IA <\/span><a href=\"https:\/\/elpais.com\/retina\/2019\/02\/25\/tendencias\/1551089772_654032.html\"><span style=\"font-weight: 400;\">tambi\u00e9n ha sido objeto de debate en cuanto a su impacto en la sociedad y la \u00e9tica<\/span><\/a><span style=\"font-weight: 400;\">.<\/span><\/p>\n<h2>\u00bfQu\u00e9 retos tiene por delante la Inteligencia Artificial?<\/h2>\n<p><span style=\"font-weight: 400;\">En cuanto a la privacidad y seguridad de los datos, el uso de algoritmos de aprendizaje autom\u00e1tico para procesar grandes cantidades de informaci\u00f3n personal puede plantear riesgos para la privacidad y la seguridad. Adem\u00e1s, los algoritmos pueden estar sesgados debido a la falta de diversidad en los conjuntos de datos utilizados para entrenarlos, lo que puede llevar a decisiones discriminatorias.\u00a0<\/span><\/p>\n<p><span style=\"font-weight: 400;\">Otro aspecto preocupante es la toma de decisiones automatizada sin supervisi\u00f3n humana, que puede plantear riesgos en \u00e1reas como la justicia penal, <\/span><a href=\"https:\/\/www.lavanguardia.com\/vida\/salud\/20230308\/8790364\/inteligencia-artificial-reto-etica-confiabilidad-brl.html\"><span style=\"font-weight: 400;\">la salud<\/span><\/a><span style=\"font-weight: 400;\"> y el empleo. <strong>La responsabilidad y transparencia tambi\u00e9n son importantes en el uso de sistemas aut\u00f3nomos, como los veh\u00edculos aut\u00f3nomos o los drones<\/strong>, ya que pueden causar da\u00f1os si no se utilizan de manera responsable.\u00a0<\/span><\/p>\n<p><span style=\"font-weight: 400;\">Es importante <strong>abordar estos problemas \u00e9ticos con pol\u00edticas y regulaciones adecuadas<\/strong> que garanticen un uso responsable y \u00e9tico de la inteligencia artificial. Esto incluye el desarrollo de algoritmos justos e imparciales, la supervisi\u00f3n humana en la toma de decisiones automatizada y la transparencia en el uso de sistemas aut\u00f3nomos.<\/span><\/p>\n<h2>\u00bfQu\u00e9 est\u00e1n haciendo las empresas respecto al tema?<\/h2>\n<p><span style=\"font-weight: 400;\">Cada vez son m\u00e1s las compa\u00f1\u00edas que est\u00e1n tomando medidas para abordar los problemas \u00e9ticos de la inteligencia artificial. <strong>Algunas empresas han establecido equipos internos dedicados a la \u00e9tica de la inteligencia artificial<\/strong> y han desarrollado c\u00f3digos de conducta para garantizar un uso responsable y \u00e9tico de esta tecnolog\u00eda. Adem\u00e1s, otras tambi\u00e9n est\u00e1n trabajando en el desarrollo de algoritmos m\u00e1s justos e imparciales y en la eliminaci\u00f3n de sesgos en los datos utilizados para entrenarlos.\u00a0<\/span><\/p>\n<p><span style=\"font-weight: 400;\">Otras empresas est\u00e1n implementando medidas para garantizar la transparencia en el uso de sistemas aut\u00f3nomos y <strong>que las decisiones automatizadas sean supervisadas por humanos<\/strong>. Cada vez son m\u00e1s las que se toman en serio los problemas \u00e9ticos de la inteligencia artificial y trabajan para garantizar un uso responsable y \u00e9tico de esta tecnolog\u00eda.<\/span><\/p>\n<h2>\u00bfY las administraciones p\u00fablicas?<\/h2>\n<p><span style=\"font-weight: 400;\">Los gobiernos y organizaciones est\u00e1n implementando medidas a contrarreloj para regular el marco jur\u00eddico de estos problemas. Algunos ejemplos incluyen el <\/span><a href=\"https:\/\/commission.europa.eu\/law\/law-topic\/data-protection\/data-protection-eu_es\"><span style=\"font-weight: 400;\">Reglamento General de Protecci\u00f3n de Datos (RGPD)<\/span><\/a><span style=\"font-weight: 400;\"> de la Uni\u00f3n Europea, que establece normas para la protecci\u00f3n de datos personales, y la <strong>Ley de Privacidad del Consumidor de California en Estados Unidos<\/strong> (CCPA), que otorga a los consumidores ciertos derechos sobre sus datos personales.\u00a0<\/span><\/p>\n<p><span style=\"font-weight: 400;\">En noviembre de 2021, los 193 Estados miembros de la Conferencia General de la UNESCO adoptaron la <\/span><a href=\"https:\/\/unesdoc.unesco.org\/ark:\/48223\/pf0000381137_spa\"><span style=\"font-weight: 400;\">Recomendaci\u00f3n sobre la \u00c9tica de la Inteligencia Artificial<\/span><\/a><span style=\"font-weight: 400;\">, el primer instrumento normativo mundial sobre el tema: \u201c<\/span><i><span style=\"font-weight: 400;\">no solo proteger\u00e1, sino que tambi\u00e9n <strong>promover\u00e1 los derechos humanos y la dignidad humana, y ser\u00e1 una br\u00fajula gu\u00eda \u00e9tica y una base normativa global que permitir\u00e1 construir un s\u00f3lido respeto por el estado de derecho en el mundo digital<\/strong><\/span><\/i><span style=\"font-weight: 400;\">\u201d.<\/span><\/p>\n<p><span style=\"font-weight: 400;\">Adem\u00e1s, algunos pa\u00edses han establecido comisiones y grupos de trabajo para abordar espec\u00edficamente el impacto \u00e9tico de la inteligencia artificial, como el <\/span><a href=\"https:\/\/digital-strategy.ec.europa.eu\/es\/policies\/expert-group-ai\"><span style=\"font-weight: 400;\">Grupo de Expertos en \u00c9tica en la Inteligencia Artificial de la Comisi\u00f3n Europea<\/span><\/a><span style=\"font-weight: 400;\">. Es importante tener en cuenta que estos esfuerzos est\u00e1n en constante evoluci\u00f3n y a\u00fan queda mucho por hacer para garantizar un uso responsable y \u00e9tico de la inteligencia artificial.<\/span><\/p>\n<h2>\u00bfY Espa\u00f1a?<\/h2>\n<p><span style=\"font-weight: 400;\">En nuestro pa\u00eds tambi\u00e9n se est\u00e1n llevando a cabo medidas regulatorias para abordar los problemas \u00e9ticos de la inteligencia artificial. En 2020, el Gobierno espa\u00f1ol present\u00f3 la <\/span><a href=\"https:\/\/portal.mineco.gob.es\/es-es\/ministerio\/areas-prioritarias\/Paginas\/inteligencia-artificial.aspx\"><span style=\"font-weight: 400;\">Estrategia Nacional de Inteligencia Artificial<\/span><\/a><span style=\"font-weight: 400;\">, que incluye medidas para <strong>fomentar un uso responsable y \u00e9tico<\/strong> de la inteligencia artificial en el pa\u00eds. Adem\u00e1s, se ha creado un grupo de trabajo para desarrollar un marco \u00e9tico para la inteligencia artificial en Espa\u00f1a.\u00a0<\/span><\/p>\n<p><span style=\"font-weight: 400;\">Por otro lado, la <\/span><a href=\"https:\/\/www.aepd.es\/es\/prensa-y-comunicacion\/notas-de-prensa\/la-aepd-publica-una-guia-para-adaptar-al-rgpd-los-productos-y\"><span style=\"font-weight: 400;\">Agencia Espa\u00f1ola de Protecci\u00f3n de Datos ha publicado una gu\u00eda sobre el uso responsable de la inteligencia artificial en el \u00e1mbito empresarial<\/span><\/a><span style=\"font-weight: 400;\"> y est\u00e1 trabajando en la elaboraci\u00f3n de directrices espec\u00edficas para abordar el impacto \u00e9tico de la inteligencia artificial. En resumen, en Espa\u00f1a tambi\u00e9n se est\u00e1n llevando a cabo esfuerzos para abordar los problemas \u00e9ticos de la inteligencia artificial y <strong>garantizar un uso responsable y \u00e9tico<\/strong> de esta tecnolog\u00eda.<\/span><\/p>\n<p><span style=\"font-weight: 400;\">En <\/span><a href=\"https:\/\/mioti.es\/es\/\"><span style=\"font-weight: 400;\">MIOTI Tech &amp; Business School<\/span><\/a><span style=\"font-weight: 400;\"> seguimos de cerca la actualidad informativa sobre la Inteligencia Artificial, as\u00ed como el marco regulatorio que garantice un uso responsable y \u00e9tico de la IA, por eso todos nuestros masters, incluyendo los centrados en Inteligencia Artificial como <a href=\"https:\/\/mioti.es\/es\/master-en-data-science-deep-learning\">Data Science y Deep Learning<\/a>, se actualizan constantemente para dar respuesta a las demandas de las empresas siempre respetando los derechos humanos mediante el desarrollo de algoritmos m\u00e1s justos, imparciales y confiables.\u00a0<\/span><\/p>\n","protected":false},"excerpt":{"rendered":"<p>La Inteligencia Artificial (IA) es la capacidad de las m\u00e1quinas para realizar tareas que normalmente requieren inteligencia humana, como el aprendizaje, la resoluci\u00f3n de problemas y la comprensi\u00f3n del lenguaje natural. Como campo de estudio, la IA naci\u00f3 en la d\u00e9cada de 1950 y desde entonces, ha evolucionado significativamente hasta convertirse en una herramienta esencial [&hellip;]<\/p>\n","protected":false},"author":11,"featured_media":29566,"comment_status":"closed","ping_status":"closed","sticky":false,"template":"","format":"standard","meta":{"_acf_changed":false,"_joinchat":[],"footnotes":""},"categories":[68],"class_list":["post-29552","post","type-post","status-publish","format-standard","has-post-thumbnail","hentry","category-inteligencia-artificial"],"acf":[],"yoast_head":"<!-- This site is optimized with the Yoast SEO Premium plugin v26.2 (Yoast SEO v27.4) - https:\/\/yoast.com\/product\/yoast-seo-premium-wordpress\/ -->\n<title>El dilema \u00e9tico del uso de la Inteligencia Artificial | MIOTI<\/title>\n<meta name=\"description\" content=\"El dilema \u00e9tico est\u00e1 sobre la mesa en lo que a la Inteligencia Artificial se refiere. Entonces, \u00bfes necesaria su regulaci\u00f3n?\" \/>\n<meta name=\"robots\" content=\"index, follow, max-snippet:-1, max-image-preview:large, max-video-preview:-1\" \/>\n<link rel=\"canonical\" href=\"https:\/\/mioti.es\/es\/el-dilema-etico-del-uso-de-la-inteligencia-artificial\/\" \/>\n<meta property=\"og:locale\" content=\"es_ES\" \/>\n<meta property=\"og:type\" content=\"article\" \/>\n<meta property=\"og:title\" content=\"El dilema \u00e9tico del uso de la Inteligencia Artificial\" \/>\n<meta property=\"og:description\" content=\"El dilema \u00e9tico est\u00e1 sobre la mesa en lo que a la Inteligencia Artificial se refiere. Entonces, \u00bfes necesaria su regulaci\u00f3n?\" \/>\n<meta property=\"og:url\" content=\"https:\/\/mioti.es\/es\/el-dilema-etico-del-uso-de-la-inteligencia-artificial\/\" \/>\n<meta property=\"og:site_name\" content=\"MIOTI\" \/>\n<meta property=\"article:publisher\" content=\"https:\/\/www.facebook.com\/MIOTISchool\" \/>\n<meta property=\"article:published_time\" content=\"2023-05-03T15:24:14+00:00\" \/>\n<meta property=\"og:image\" content=\"https:\/\/mioti.es\/wp-content\/uploads\/2023\/05\/14-Miniatura-blog-blog-copy-100-38.jpg\" \/>\n\t<meta property=\"og:image:width\" content=\"578\" \/>\n\t<meta property=\"og:image:height\" content=\"432\" \/>\n\t<meta property=\"og:image:type\" content=\"image\/jpeg\" \/>\n<meta name=\"author\" content=\"Sara Garc\u00eda\" \/>\n<meta name=\"twitter:card\" content=\"summary_large_image\" \/>\n<meta name=\"twitter:creator\" content=\"@MyMioti\" \/>\n<meta name=\"twitter:site\" content=\"@MyMioti\" \/>\n<meta name=\"twitter:label1\" content=\"Escrito por\" \/>\n\t<meta name=\"twitter:data1\" content=\"Sara Garc\u00eda\" \/>\n\t<meta name=\"twitter:label2\" content=\"Tiempo de lectura\" \/>\n\t<meta name=\"twitter:data2\" content=\"4 minutos\" \/>\n<script type=\"application\/ld+json\" class=\"yoast-schema-graph\">{\"@context\":\"https:\\\/\\\/schema.org\",\"@graph\":[{\"@type\":\"Article\",\"@id\":\"https:\\\/\\\/mioti.es\\\/es\\\/el-dilema-etico-del-uso-de-la-inteligencia-artificial\\\/#article\",\"isPartOf\":{\"@id\":\"https:\\\/\\\/mioti.es\\\/es\\\/el-dilema-etico-del-uso-de-la-inteligencia-artificial\\\/\"},\"author\":{\"name\":\"Sara Garc\u00eda\",\"@id\":\"https:\\\/\\\/mioti.es\\\/es\\\/#\\\/schema\\\/person\\\/9f3b96e6ea295e8e7d5a65763ba95336\"},\"headline\":\"El dilema \u00e9tico del uso de la Inteligencia Artificial\",\"datePublished\":\"2023-05-03T15:24:14+00:00\",\"mainEntityOfPage\":{\"@id\":\"https:\\\/\\\/mioti.es\\\/es\\\/el-dilema-etico-del-uso-de-la-inteligencia-artificial\\\/\"},\"wordCount\":940,\"publisher\":{\"@id\":\"https:\\\/\\\/mioti.es\\\/es\\\/#organization\"},\"image\":{\"@id\":\"https:\\\/\\\/mioti.es\\\/es\\\/el-dilema-etico-del-uso-de-la-inteligencia-artificial\\\/#primaryimage\"},\"thumbnailUrl\":\"https:\\\/\\\/mioti.es\\\/wp-content\\\/uploads\\\/2023\\\/05\\\/14-Miniatura-blog-blog-copy-100-38.jpg\",\"articleSection\":[\"Inteligencia Artificial\"],\"inLanguage\":\"es\"},{\"@type\":\"WebPage\",\"@id\":\"https:\\\/\\\/mioti.es\\\/es\\\/el-dilema-etico-del-uso-de-la-inteligencia-artificial\\\/\",\"url\":\"https:\\\/\\\/mioti.es\\\/es\\\/el-dilema-etico-del-uso-de-la-inteligencia-artificial\\\/\",\"name\":\"El dilema \u00e9tico del uso de la Inteligencia Artificial | MIOTI\",\"isPartOf\":{\"@id\":\"https:\\\/\\\/mioti.es\\\/es\\\/#website\"},\"primaryImageOfPage\":{\"@id\":\"https:\\\/\\\/mioti.es\\\/es\\\/el-dilema-etico-del-uso-de-la-inteligencia-artificial\\\/#primaryimage\"},\"image\":{\"@id\":\"https:\\\/\\\/mioti.es\\\/es\\\/el-dilema-etico-del-uso-de-la-inteligencia-artificial\\\/#primaryimage\"},\"thumbnailUrl\":\"https:\\\/\\\/mioti.es\\\/wp-content\\\/uploads\\\/2023\\\/05\\\/14-Miniatura-blog-blog-copy-100-38.jpg\",\"datePublished\":\"2023-05-03T15:24:14+00:00\",\"description\":\"El dilema \u00e9tico est\u00e1 sobre la mesa en lo que a la Inteligencia Artificial se refiere. Entonces, \u00bfes necesaria su regulaci\u00f3n?\",\"breadcrumb\":{\"@id\":\"https:\\\/\\\/mioti.es\\\/es\\\/el-dilema-etico-del-uso-de-la-inteligencia-artificial\\\/#breadcrumb\"},\"inLanguage\":\"es\",\"potentialAction\":[{\"@type\":\"ReadAction\",\"target\":[\"https:\\\/\\\/mioti.es\\\/es\\\/el-dilema-etico-del-uso-de-la-inteligencia-artificial\\\/\"]}]},{\"@type\":\"ImageObject\",\"inLanguage\":\"es\",\"@id\":\"https:\\\/\\\/mioti.es\\\/es\\\/el-dilema-etico-del-uso-de-la-inteligencia-artificial\\\/#primaryimage\",\"url\":\"https:\\\/\\\/mioti.es\\\/wp-content\\\/uploads\\\/2023\\\/05\\\/14-Miniatura-blog-blog-copy-100-38.jpg\",\"contentUrl\":\"https:\\\/\\\/mioti.es\\\/wp-content\\\/uploads\\\/2023\\\/05\\\/14-Miniatura-blog-blog-copy-100-38.jpg\",\"width\":578,\"height\":432,\"caption\":\"El dilema \u00e9tico del uso de la Inteligencia Artificial\"},{\"@type\":\"BreadcrumbList\",\"@id\":\"https:\\\/\\\/mioti.es\\\/es\\\/el-dilema-etico-del-uso-de-la-inteligencia-artificial\\\/#breadcrumb\",\"itemListElement\":[{\"@type\":\"ListItem\",\"position\":1,\"name\":\"Home\",\"item\":\"https:\\\/\\\/mioti.es\\\/es\\\/\"},{\"@type\":\"ListItem\",\"position\":2,\"name\":\"El dilema \u00e9tico del uso de la Inteligencia Artificial\"}]},{\"@type\":\"WebSite\",\"@id\":\"https:\\\/\\\/mioti.es\\\/es\\\/#website\",\"url\":\"https:\\\/\\\/mioti.es\\\/es\\\/\",\"name\":\"MIOTI Tech & Business School\",\"description\":\"Tech &amp; Business School\",\"publisher\":{\"@id\":\"https:\\\/\\\/mioti.es\\\/es\\\/#organization\"},\"alternateName\":\"MIOTI\",\"potentialAction\":[{\"@type\":\"SearchAction\",\"target\":{\"@type\":\"EntryPoint\",\"urlTemplate\":\"https:\\\/\\\/mioti.es\\\/es\\\/?s={search_term_string}\"},\"query-input\":{\"@type\":\"PropertyValueSpecification\",\"valueRequired\":true,\"valueName\":\"search_term_string\"}}],\"inLanguage\":\"es\"},{\"@type\":\"Organization\",\"@id\":\"https:\\\/\\\/mioti.es\\\/es\\\/#organization\",\"name\":\"MIOTI Tech & Business School\",\"alternateName\":\"MIOTI\",\"url\":\"https:\\\/\\\/mioti.es\\\/es\\\/\",\"logo\":{\"@type\":\"ImageObject\",\"inLanguage\":\"es\",\"@id\":\"https:\\\/\\\/mioti.es\\\/es\\\/#\\\/schema\\\/logo\\\/image\\\/\",\"url\":\"https:\\\/\\\/mioti.es\\\/wp-content\\\/uploads\\\/2023\\\/09\\\/logo-fondo-rosa-1.webp\",\"contentUrl\":\"https:\\\/\\\/mioti.es\\\/wp-content\\\/uploads\\\/2023\\\/09\\\/logo-fondo-rosa-1.webp\",\"width\":696,\"height\":696,\"caption\":\"MIOTI Tech & Business School\"},\"image\":{\"@id\":\"https:\\\/\\\/mioti.es\\\/es\\\/#\\\/schema\\\/logo\\\/image\\\/\"},\"sameAs\":[\"https:\\\/\\\/www.facebook.com\\\/MIOTISchool\",\"https:\\\/\\\/x.com\\\/MyMioti\",\"https:\\\/\\\/www.instagram.com\\\/mioti_school\\\/\",\"https:\\\/\\\/www.linkedin.com\\\/school\\\/mioti\\\/\"]},{\"@type\":\"Person\",\"@id\":\"https:\\\/\\\/mioti.es\\\/es\\\/#\\\/schema\\\/person\\\/9f3b96e6ea295e8e7d5a65763ba95336\",\"name\":\"Sara Garc\u00eda\",\"url\":\"https:\\\/\\\/mioti.es\\\/es\\\/author\\\/sara\\\/\"}]}<\/script>\n<!-- \/ Yoast SEO Premium plugin. -->","yoast_head_json":{"title":"El dilema \u00e9tico del uso de la Inteligencia Artificial | MIOTI","description":"El dilema \u00e9tico est\u00e1 sobre la mesa en lo que a la Inteligencia Artificial se refiere. Entonces, \u00bfes necesaria su regulaci\u00f3n?","robots":{"index":"index","follow":"follow","max-snippet":"max-snippet:-1","max-image-preview":"max-image-preview:large","max-video-preview":"max-video-preview:-1"},"canonical":"https:\/\/mioti.es\/es\/el-dilema-etico-del-uso-de-la-inteligencia-artificial\/","og_locale":"es_ES","og_type":"article","og_title":"El dilema \u00e9tico del uso de la Inteligencia Artificial","og_description":"El dilema \u00e9tico est\u00e1 sobre la mesa en lo que a la Inteligencia Artificial se refiere. Entonces, \u00bfes necesaria su regulaci\u00f3n?","og_url":"https:\/\/mioti.es\/es\/el-dilema-etico-del-uso-de-la-inteligencia-artificial\/","og_site_name":"MIOTI","article_publisher":"https:\/\/www.facebook.com\/MIOTISchool","article_published_time":"2023-05-03T15:24:14+00:00","og_image":[{"width":578,"height":432,"url":"https:\/\/mioti.es\/wp-content\/uploads\/2023\/05\/14-Miniatura-blog-blog-copy-100-38.jpg","type":"image\/jpeg"}],"author":"Sara Garc\u00eda","twitter_card":"summary_large_image","twitter_creator":"@MyMioti","twitter_site":"@MyMioti","twitter_misc":{"Escrito por":"Sara Garc\u00eda","Tiempo de lectura":"4 minutos"},"schema":{"@context":"https:\/\/schema.org","@graph":[{"@type":"Article","@id":"https:\/\/mioti.es\/es\/el-dilema-etico-del-uso-de-la-inteligencia-artificial\/#article","isPartOf":{"@id":"https:\/\/mioti.es\/es\/el-dilema-etico-del-uso-de-la-inteligencia-artificial\/"},"author":{"name":"Sara Garc\u00eda","@id":"https:\/\/mioti.es\/es\/#\/schema\/person\/9f3b96e6ea295e8e7d5a65763ba95336"},"headline":"El dilema \u00e9tico del uso de la Inteligencia Artificial","datePublished":"2023-05-03T15:24:14+00:00","mainEntityOfPage":{"@id":"https:\/\/mioti.es\/es\/el-dilema-etico-del-uso-de-la-inteligencia-artificial\/"},"wordCount":940,"publisher":{"@id":"https:\/\/mioti.es\/es\/#organization"},"image":{"@id":"https:\/\/mioti.es\/es\/el-dilema-etico-del-uso-de-la-inteligencia-artificial\/#primaryimage"},"thumbnailUrl":"https:\/\/mioti.es\/wp-content\/uploads\/2023\/05\/14-Miniatura-blog-blog-copy-100-38.jpg","articleSection":["Inteligencia Artificial"],"inLanguage":"es"},{"@type":"WebPage","@id":"https:\/\/mioti.es\/es\/el-dilema-etico-del-uso-de-la-inteligencia-artificial\/","url":"https:\/\/mioti.es\/es\/el-dilema-etico-del-uso-de-la-inteligencia-artificial\/","name":"El dilema \u00e9tico del uso de la Inteligencia Artificial | MIOTI","isPartOf":{"@id":"https:\/\/mioti.es\/es\/#website"},"primaryImageOfPage":{"@id":"https:\/\/mioti.es\/es\/el-dilema-etico-del-uso-de-la-inteligencia-artificial\/#primaryimage"},"image":{"@id":"https:\/\/mioti.es\/es\/el-dilema-etico-del-uso-de-la-inteligencia-artificial\/#primaryimage"},"thumbnailUrl":"https:\/\/mioti.es\/wp-content\/uploads\/2023\/05\/14-Miniatura-blog-blog-copy-100-38.jpg","datePublished":"2023-05-03T15:24:14+00:00","description":"El dilema \u00e9tico est\u00e1 sobre la mesa en lo que a la Inteligencia Artificial se refiere. Entonces, \u00bfes necesaria su regulaci\u00f3n?","breadcrumb":{"@id":"https:\/\/mioti.es\/es\/el-dilema-etico-del-uso-de-la-inteligencia-artificial\/#breadcrumb"},"inLanguage":"es","potentialAction":[{"@type":"ReadAction","target":["https:\/\/mioti.es\/es\/el-dilema-etico-del-uso-de-la-inteligencia-artificial\/"]}]},{"@type":"ImageObject","inLanguage":"es","@id":"https:\/\/mioti.es\/es\/el-dilema-etico-del-uso-de-la-inteligencia-artificial\/#primaryimage","url":"https:\/\/mioti.es\/wp-content\/uploads\/2023\/05\/14-Miniatura-blog-blog-copy-100-38.jpg","contentUrl":"https:\/\/mioti.es\/wp-content\/uploads\/2023\/05\/14-Miniatura-blog-blog-copy-100-38.jpg","width":578,"height":432,"caption":"El dilema \u00e9tico del uso de la Inteligencia Artificial"},{"@type":"BreadcrumbList","@id":"https:\/\/mioti.es\/es\/el-dilema-etico-del-uso-de-la-inteligencia-artificial\/#breadcrumb","itemListElement":[{"@type":"ListItem","position":1,"name":"Home","item":"https:\/\/mioti.es\/es\/"},{"@type":"ListItem","position":2,"name":"El dilema \u00e9tico del uso de la Inteligencia Artificial"}]},{"@type":"WebSite","@id":"https:\/\/mioti.es\/es\/#website","url":"https:\/\/mioti.es\/es\/","name":"MIOTI Tech & Business School","description":"Tech &amp; Business School","publisher":{"@id":"https:\/\/mioti.es\/es\/#organization"},"alternateName":"MIOTI","potentialAction":[{"@type":"SearchAction","target":{"@type":"EntryPoint","urlTemplate":"https:\/\/mioti.es\/es\/?s={search_term_string}"},"query-input":{"@type":"PropertyValueSpecification","valueRequired":true,"valueName":"search_term_string"}}],"inLanguage":"es"},{"@type":"Organization","@id":"https:\/\/mioti.es\/es\/#organization","name":"MIOTI Tech & Business School","alternateName":"MIOTI","url":"https:\/\/mioti.es\/es\/","logo":{"@type":"ImageObject","inLanguage":"es","@id":"https:\/\/mioti.es\/es\/#\/schema\/logo\/image\/","url":"https:\/\/mioti.es\/wp-content\/uploads\/2023\/09\/logo-fondo-rosa-1.webp","contentUrl":"https:\/\/mioti.es\/wp-content\/uploads\/2023\/09\/logo-fondo-rosa-1.webp","width":696,"height":696,"caption":"MIOTI Tech & Business School"},"image":{"@id":"https:\/\/mioti.es\/es\/#\/schema\/logo\/image\/"},"sameAs":["https:\/\/www.facebook.com\/MIOTISchool","https:\/\/x.com\/MyMioti","https:\/\/www.instagram.com\/mioti_school\/","https:\/\/www.linkedin.com\/school\/mioti\/"]},{"@type":"Person","@id":"https:\/\/mioti.es\/es\/#\/schema\/person\/9f3b96e6ea295e8e7d5a65763ba95336","name":"Sara Garc\u00eda","url":"https:\/\/mioti.es\/es\/author\/sara\/"}]}},"_links":{"self":[{"href":"https:\/\/mioti.es\/es\/wp-json\/wp\/v2\/posts\/29552","targetHints":{"allow":["GET"]}}],"collection":[{"href":"https:\/\/mioti.es\/es\/wp-json\/wp\/v2\/posts"}],"about":[{"href":"https:\/\/mioti.es\/es\/wp-json\/wp\/v2\/types\/post"}],"author":[{"embeddable":true,"href":"https:\/\/mioti.es\/es\/wp-json\/wp\/v2\/users\/11"}],"replies":[{"embeddable":true,"href":"https:\/\/mioti.es\/es\/wp-json\/wp\/v2\/comments?post=29552"}],"version-history":[{"count":3,"href":"https:\/\/mioti.es\/es\/wp-json\/wp\/v2\/posts\/29552\/revisions"}],"predecessor-version":[{"id":29574,"href":"https:\/\/mioti.es\/es\/wp-json\/wp\/v2\/posts\/29552\/revisions\/29574"}],"wp:featuredmedia":[{"embeddable":true,"href":"https:\/\/mioti.es\/es\/wp-json\/wp\/v2\/media\/29566"}],"wp:attachment":[{"href":"https:\/\/mioti.es\/es\/wp-json\/wp\/v2\/media?parent=29552"}],"wp:term":[{"taxonomy":"category","embeddable":true,"href":"https:\/\/mioti.es\/es\/wp-json\/wp\/v2\/categories?post=29552"}],"curies":[{"name":"wp","href":"https:\/\/api.w.org\/{rel}","templated":true}]}}