{"id":20045,"date":"2020-06-09T09:25:29","date_gmt":"2020-06-09T08:25:29","guid":{"rendered":"https:\/\/www.mioti.es\/es\/?p=20045"},"modified":"2022-09-19T17:43:36","modified_gmt":"2022-09-19T17:43:36","slug":"comunicado-oficial-reapertura-del-campus-de-madrid","status":"publish","type":"post","link":"https:\/\/mioti.es\/es\/comunicado-oficial-reapertura-del-campus-de-madrid\/","title":{"rendered":"Comunicado oficial: reapertura del campus de Madrid"},"content":{"rendered":"<p>Queremos dirigirnos a todos los estudiantes que form\u00e1is <strong>MIOTI<\/strong> para informaros sobre la probable vuelta a las clases presenciales en el campus de Madrid.<\/p>\n<p>Atendiendo a lo decretado por el gobierno de la Comunidad de Madrid respecto a la apertura de centros educativos, de car\u00e1cter tanto p\u00fablico como privado, y con motivo del comienzo de la Fase 2 de desescalada, estamos valorando abrir la escuela en formato presencial a partir del lunes 29 de junio.<\/p>\n<p>Como parte del plan de reactivaci\u00f3n de las clases presenciales de MIOTI, hemos reforzado los protocolos sanitarios y de limpieza, establecido circuitos internos se\u00f1alizados y diferentes puntos de desinfecci\u00f3n. Asimismo, hemos establecido una distribuci\u00f3n f\u00edsica en el campus que garantiza las medidas de distanciamiento f\u00edsico y la seguridad de alumnos, profesores y staff.<\/p>\n<p>Por lo tanto, todos los programas presenciales que actualmente se encuentran en funcionamiento a trav\u00e9s de la modalidad online, podr\u00e1n volver a las aulas:<\/p>\n<p><strong>&#8211; Data Science Fundamentals (DSF2002A)<\/strong><br \/>\n<strong>&#8211; Data Science Fundamentals (DSF2003W)<\/strong><br \/>\n<strong>&#8211; IoT Executive Program (BE2003W)<\/strong><br \/>\n<strong>&#8211; eBusiness Executive Program (EB2003A)<\/strong><\/p>\n<p>Los estudiantes que no puedan o no deseen asistir a las clases presenciales una vez reabierto el centro, podr\u00e1n continuar su formaci\u00f3n mediante la emisi\u00f3n en directo por los canales que actualmente usamos en la modalidad online. El equipo de coordinaci\u00f3n acad\u00e9mica de la escuela se har\u00e1 cargo de estas peticiones y proveer\u00e1 a los alumnos que lo soliciten los enlaces de videoconferencia necesarios.<\/p>\n<p>Si durante este periodo necesit\u00e1is resolver cualquier duda o ampliar la informaci\u00f3n, pod\u00e9is poneros en contacto con nosotros a trav\u00e9s de los canales de comunicaci\u00f3n habituales.<\/p>\n<p>Gracias a todos por vuestro apoyo y comprensi\u00f3n.<\/p>\n","protected":false},"excerpt":{"rendered":"<p>Queremos dirigirnos a todos los estudiantes que form\u00e1is MIOTI para informaros sobre la probable vuelta a las clases presenciales en el campus de Madrid. Atendiendo a lo decretado por el gobierno de la Comunidad de Madrid respecto a la apertura de centros educativos, de car\u00e1cter tanto p\u00fablico como privado, y con motivo del comienzo de [&hellip;]<\/p>\n","protected":false},"author":4,"featured_media":25296,"comment_status":"closed","ping_status":"open","sticky":false,"template":"","format":"standard","meta":{"_acf_changed":false,"_joinchat":[],"footnotes":""},"categories":[70],"class_list":["post-20045","post","type-post","status-publish","format-standard","has-post-thumbnail","hentry","category-mioti"],"acf":[],"yoast_head":"<!-- This site is optimized with the Yoast SEO Premium plugin v26.2 (Yoast SEO v27.4) - https:\/\/yoast.com\/product\/yoast-seo-premium-wordpress\/ -->\n<title>Comunicado oficial: reapertura del campus de Madrid | MIOTI<\/title>\n<meta name=\"robots\" content=\"index, follow, max-snippet:-1, max-image-preview:large, max-video-preview:-1\" \/>\n<link rel=\"canonical\" href=\"https:\/\/mioti.es\/es\/comunicado-oficial-reapertura-del-campus-de-madrid\/\" \/>\n<meta property=\"og:locale\" content=\"es_ES\" \/>\n<meta property=\"og:type\" content=\"article\" \/>\n<meta property=\"og:title\" content=\"Comunicado oficial: reapertura del campus de Madrid\" \/>\n<meta property=\"og:description\" content=\"Queremos dirigirnos a todos los estudiantes que form\u00e1is MIOTI para informaros sobre la probable vuelta a las clases presenciales en el campus de Madrid. Atendiendo a lo decretado por el gobierno de la Comunidad de Madrid respecto a la apertura de centros educativos, de car\u00e1cter tanto p\u00fablico como privado, y con motivo del comienzo de [&hellip;]\" \/>\n<meta property=\"og:url\" content=\"https:\/\/mioti.es\/es\/comunicado-oficial-reapertura-del-campus-de-madrid\/\" \/>\n<meta property=\"og:site_name\" content=\"MIOTI\" \/>\n<meta property=\"article:publisher\" content=\"https:\/\/www.facebook.com\/MIOTISchool\" \/>\n<meta property=\"article:published_time\" content=\"2020-06-09T08:25:29+00:00\" \/>\n<meta property=\"article:modified_time\" content=\"2022-09-19T17:43:36+00:00\" \/>\n<meta property=\"og:image\" content=\"https:\/\/mioti.es\/wp-content\/uploads\/2020\/06\/06-20-Reapertura-campus_14-Miniatura-blog-blog-1.png\" \/>\n\t<meta property=\"og:image:width\" content=\"402\" \/>\n\t<meta property=\"og:image:height\" content=\"300\" \/>\n\t<meta property=\"og:image:type\" content=\"image\/png\" \/>\n<meta name=\"author\" content=\"Jes\u00fas\" \/>\n<meta name=\"twitter:card\" content=\"summary_large_image\" \/>\n<meta name=\"twitter:creator\" content=\"@MyMioti\" \/>\n<meta name=\"twitter:site\" content=\"@MyMioti\" \/>\n<meta name=\"twitter:label1\" content=\"Escrito por\" \/>\n\t<meta name=\"twitter:data1\" content=\"Jes\u00fas\" \/>\n\t<meta name=\"twitter:label2\" content=\"Tiempo de lectura\" \/>\n\t<meta name=\"twitter:data2\" content=\"1 minuto\" \/>\n<script type=\"application\/ld+json\" class=\"yoast-schema-graph\">{\"@context\":\"https:\\\/\\\/schema.org\",\"@graph\":[{\"@type\":\"Article\",\"@id\":\"https:\\\/\\\/mioti.es\\\/es\\\/comunicado-oficial-reapertura-del-campus-de-madrid\\\/#article\",\"isPartOf\":{\"@id\":\"https:\\\/\\\/mioti.es\\\/es\\\/comunicado-oficial-reapertura-del-campus-de-madrid\\\/\"},\"author\":{\"name\":\"Jes\u00fas\",\"@id\":\"https:\\\/\\\/mioti.es\\\/es\\\/#\\\/schema\\\/person\\\/07613df9353272883a3b02728aab90bc\"},\"headline\":\"Comunicado oficial: reapertura del campus de Madrid\",\"datePublished\":\"2020-06-09T08:25:29+00:00\",\"dateModified\":\"2022-09-19T17:43:36+00:00\",\"mainEntityOfPage\":{\"@id\":\"https:\\\/\\\/mioti.es\\\/es\\\/comunicado-oficial-reapertura-del-campus-de-madrid\\\/\"},\"wordCount\":301,\"publisher\":{\"@id\":\"https:\\\/\\\/mioti.es\\\/es\\\/#organization\"},\"image\":{\"@id\":\"https:\\\/\\\/mioti.es\\\/es\\\/comunicado-oficial-reapertura-del-campus-de-madrid\\\/#primaryimage\"},\"thumbnailUrl\":\"https:\\\/\\\/mioti.es\\\/wp-content\\\/uploads\\\/2020\\\/06\\\/06-20-Reapertura-campus_14-Miniatura-blog-blog-1.png\",\"articleSection\":[\"MIOTI\"],\"inLanguage\":\"es\"},{\"@type\":\"WebPage\",\"@id\":\"https:\\\/\\\/mioti.es\\\/es\\\/comunicado-oficial-reapertura-del-campus-de-madrid\\\/\",\"url\":\"https:\\\/\\\/mioti.es\\\/es\\\/comunicado-oficial-reapertura-del-campus-de-madrid\\\/\",\"name\":\"Comunicado oficial: reapertura del campus de Madrid | MIOTI\",\"isPartOf\":{\"@id\":\"https:\\\/\\\/mioti.es\\\/es\\\/#website\"},\"primaryImageOfPage\":{\"@id\":\"https:\\\/\\\/mioti.es\\\/es\\\/comunicado-oficial-reapertura-del-campus-de-madrid\\\/#primaryimage\"},\"image\":{\"@id\":\"https:\\\/\\\/mioti.es\\\/es\\\/comunicado-oficial-reapertura-del-campus-de-madrid\\\/#primaryimage\"},\"thumbnailUrl\":\"https:\\\/\\\/mioti.es\\\/wp-content\\\/uploads\\\/2020\\\/06\\\/06-20-Reapertura-campus_14-Miniatura-blog-blog-1.png\",\"datePublished\":\"2020-06-09T08:25:29+00:00\",\"dateModified\":\"2022-09-19T17:43:36+00:00\",\"breadcrumb\":{\"@id\":\"https:\\\/\\\/mioti.es\\\/es\\\/comunicado-oficial-reapertura-del-campus-de-madrid\\\/#breadcrumb\"},\"inLanguage\":\"es\",\"potentialAction\":[{\"@type\":\"ReadAction\",\"target\":[\"https:\\\/\\\/mioti.es\\\/es\\\/comunicado-oficial-reapertura-del-campus-de-madrid\\\/\"]}]},{\"@type\":\"ImageObject\",\"inLanguage\":\"es\",\"@id\":\"https:\\\/\\\/mioti.es\\\/es\\\/comunicado-oficial-reapertura-del-campus-de-madrid\\\/#primaryimage\",\"url\":\"https:\\\/\\\/mioti.es\\\/wp-content\\\/uploads\\\/2020\\\/06\\\/06-20-Reapertura-campus_14-Miniatura-blog-blog-1.png\",\"contentUrl\":\"https:\\\/\\\/mioti.es\\\/wp-content\\\/uploads\\\/2020\\\/06\\\/06-20-Reapertura-campus_14-Miniatura-blog-blog-1.png\",\"width\":402,\"height\":300},{\"@type\":\"BreadcrumbList\",\"@id\":\"https:\\\/\\\/mioti.es\\\/es\\\/comunicado-oficial-reapertura-del-campus-de-madrid\\\/#breadcrumb\",\"itemListElement\":[{\"@type\":\"ListItem\",\"position\":1,\"name\":\"Home\",\"item\":\"https:\\\/\\\/mioti.es\\\/es\\\/\"},{\"@type\":\"ListItem\",\"position\":2,\"name\":\"Comunicado oficial: reapertura del campus de Madrid\"}]},{\"@type\":\"WebSite\",\"@id\":\"https:\\\/\\\/mioti.es\\\/es\\\/#website\",\"url\":\"https:\\\/\\\/mioti.es\\\/es\\\/\",\"name\":\"MIOTI Tech & Business School\",\"description\":\"Tech &amp; Business School\",\"publisher\":{\"@id\":\"https:\\\/\\\/mioti.es\\\/es\\\/#organization\"},\"alternateName\":\"MIOTI\",\"potentialAction\":[{\"@type\":\"SearchAction\",\"target\":{\"@type\":\"EntryPoint\",\"urlTemplate\":\"https:\\\/\\\/mioti.es\\\/es\\\/?s={search_term_string}\"},\"query-input\":{\"@type\":\"PropertyValueSpecification\",\"valueRequired\":true,\"valueName\":\"search_term_string\"}}],\"inLanguage\":\"es\"},{\"@type\":\"Organization\",\"@id\":\"https:\\\/\\\/mioti.es\\\/es\\\/#organization\",\"name\":\"MIOTI Tech & Business School\",\"alternateName\":\"MIOTI\",\"url\":\"https:\\\/\\\/mioti.es\\\/es\\\/\",\"logo\":{\"@type\":\"ImageObject\",\"inLanguage\":\"es\",\"@id\":\"https:\\\/\\\/mioti.es\\\/es\\\/#\\\/schema\\\/logo\\\/image\\\/\",\"url\":\"https:\\\/\\\/mioti.es\\\/wp-content\\\/uploads\\\/2023\\\/09\\\/logo-fondo-rosa-1.webp\",\"contentUrl\":\"https:\\\/\\\/mioti.es\\\/wp-content\\\/uploads\\\/2023\\\/09\\\/logo-fondo-rosa-1.webp\",\"width\":696,\"height\":696,\"caption\":\"MIOTI Tech & Business School\"},\"image\":{\"@id\":\"https:\\\/\\\/mioti.es\\\/es\\\/#\\\/schema\\\/logo\\\/image\\\/\"},\"sameAs\":[\"https:\\\/\\\/www.facebook.com\\\/MIOTISchool\",\"https:\\\/\\\/x.com\\\/MyMioti\",\"https:\\\/\\\/www.instagram.com\\\/mioti_school\\\/\",\"https:\\\/\\\/www.linkedin.com\\\/school\\\/mioti\\\/\"]},{\"@type\":\"Person\",\"@id\":\"https:\\\/\\\/mioti.es\\\/es\\\/#\\\/schema\\\/person\\\/07613df9353272883a3b02728aab90bc\",\"name\":\"Jes\u00fas\",\"url\":\"https:\\\/\\\/mioti.es\\\/es\\\/author\\\/jesus\\\/\"}]}<\/script>\n<!-- \/ Yoast SEO Premium plugin. -->","yoast_head_json":{"title":"Comunicado oficial: reapertura del campus de Madrid | MIOTI","robots":{"index":"index","follow":"follow","max-snippet":"max-snippet:-1","max-image-preview":"max-image-preview:large","max-video-preview":"max-video-preview:-1"},"canonical":"https:\/\/mioti.es\/es\/comunicado-oficial-reapertura-del-campus-de-madrid\/","og_locale":"es_ES","og_type":"article","og_title":"Comunicado oficial: reapertura del campus de Madrid","og_description":"Queremos dirigirnos a todos los estudiantes que form\u00e1is MIOTI para informaros sobre la probable vuelta a las clases presenciales en el campus de Madrid. Atendiendo a lo decretado por el gobierno de la Comunidad de Madrid respecto a la apertura de centros educativos, de car\u00e1cter tanto p\u00fablico como privado, y con motivo del comienzo de [&hellip;]","og_url":"https:\/\/mioti.es\/es\/comunicado-oficial-reapertura-del-campus-de-madrid\/","og_site_name":"MIOTI","article_publisher":"https:\/\/www.facebook.com\/MIOTISchool","article_published_time":"2020-06-09T08:25:29+00:00","article_modified_time":"2022-09-19T17:43:36+00:00","og_image":[{"width":402,"height":300,"url":"https:\/\/mioti.es\/wp-content\/uploads\/2020\/06\/06-20-Reapertura-campus_14-Miniatura-blog-blog-1.png","type":"image\/png"}],"author":"Jes\u00fas","twitter_card":"summary_large_image","twitter_creator":"@MyMioti","twitter_site":"@MyMioti","twitter_misc":{"Escrito por":"Jes\u00fas","Tiempo de lectura":"1 minuto"},"schema":{"@context":"https:\/\/schema.org","@graph":[{"@type":"Article","@id":"https:\/\/mioti.es\/es\/comunicado-oficial-reapertura-del-campus-de-madrid\/#article","isPartOf":{"@id":"https:\/\/mioti.es\/es\/comunicado-oficial-reapertura-del-campus-de-madrid\/"},"author":{"name":"Jes\u00fas","@id":"https:\/\/mioti.es\/es\/#\/schema\/person\/07613df9353272883a3b02728aab90bc"},"headline":"Comunicado oficial: reapertura del campus de Madrid","datePublished":"2020-06-09T08:25:29+00:00","dateModified":"2022-09-19T17:43:36+00:00","mainEntityOfPage":{"@id":"https:\/\/mioti.es\/es\/comunicado-oficial-reapertura-del-campus-de-madrid\/"},"wordCount":301,"publisher":{"@id":"https:\/\/mioti.es\/es\/#organization"},"image":{"@id":"https:\/\/mioti.es\/es\/comunicado-oficial-reapertura-del-campus-de-madrid\/#primaryimage"},"thumbnailUrl":"https:\/\/mioti.es\/wp-content\/uploads\/2020\/06\/06-20-Reapertura-campus_14-Miniatura-blog-blog-1.png","articleSection":["MIOTI"],"inLanguage":"es"},{"@type":"WebPage","@id":"https:\/\/mioti.es\/es\/comunicado-oficial-reapertura-del-campus-de-madrid\/","url":"https:\/\/mioti.es\/es\/comunicado-oficial-reapertura-del-campus-de-madrid\/","name":"Comunicado oficial: reapertura del campus de Madrid | MIOTI","isPartOf":{"@id":"https:\/\/mioti.es\/es\/#website"},"primaryImageOfPage":{"@id":"https:\/\/mioti.es\/es\/comunicado-oficial-reapertura-del-campus-de-madrid\/#primaryimage"},"image":{"@id":"https:\/\/mioti.es\/es\/comunicado-oficial-reapertura-del-campus-de-madrid\/#primaryimage"},"thumbnailUrl":"https:\/\/mioti.es\/wp-content\/uploads\/2020\/06\/06-20-Reapertura-campus_14-Miniatura-blog-blog-1.png","datePublished":"2020-06-09T08:25:29+00:00","dateModified":"2022-09-19T17:43:36+00:00","breadcrumb":{"@id":"https:\/\/mioti.es\/es\/comunicado-oficial-reapertura-del-campus-de-madrid\/#breadcrumb"},"inLanguage":"es","potentialAction":[{"@type":"ReadAction","target":["https:\/\/mioti.es\/es\/comunicado-oficial-reapertura-del-campus-de-madrid\/"]}]},{"@type":"ImageObject","inLanguage":"es","@id":"https:\/\/mioti.es\/es\/comunicado-oficial-reapertura-del-campus-de-madrid\/#primaryimage","url":"https:\/\/mioti.es\/wp-content\/uploads\/2020\/06\/06-20-Reapertura-campus_14-Miniatura-blog-blog-1.png","contentUrl":"https:\/\/mioti.es\/wp-content\/uploads\/2020\/06\/06-20-Reapertura-campus_14-Miniatura-blog-blog-1.png","width":402,"height":300},{"@type":"BreadcrumbList","@id":"https:\/\/mioti.es\/es\/comunicado-oficial-reapertura-del-campus-de-madrid\/#breadcrumb","itemListElement":[{"@type":"ListItem","position":1,"name":"Home","item":"https:\/\/mioti.es\/es\/"},{"@type":"ListItem","position":2,"name":"Comunicado oficial: reapertura del campus de Madrid"}]},{"@type":"WebSite","@id":"https:\/\/mioti.es\/es\/#website","url":"https:\/\/mioti.es\/es\/","name":"MIOTI Tech & Business School","description":"Tech &amp; Business School","publisher":{"@id":"https:\/\/mioti.es\/es\/#organization"},"alternateName":"MIOTI","potentialAction":[{"@type":"SearchAction","target":{"@type":"EntryPoint","urlTemplate":"https:\/\/mioti.es\/es\/?s={search_term_string}"},"query-input":{"@type":"PropertyValueSpecification","valueRequired":true,"valueName":"search_term_string"}}],"inLanguage":"es"},{"@type":"Organization","@id":"https:\/\/mioti.es\/es\/#organization","name":"MIOTI Tech & Business School","alternateName":"MIOTI","url":"https:\/\/mioti.es\/es\/","logo":{"@type":"ImageObject","inLanguage":"es","@id":"https:\/\/mioti.es\/es\/#\/schema\/logo\/image\/","url":"https:\/\/mioti.es\/wp-content\/uploads\/2023\/09\/logo-fondo-rosa-1.webp","contentUrl":"https:\/\/mioti.es\/wp-content\/uploads\/2023\/09\/logo-fondo-rosa-1.webp","width":696,"height":696,"caption":"MIOTI Tech & Business School"},"image":{"@id":"https:\/\/mioti.es\/es\/#\/schema\/logo\/image\/"},"sameAs":["https:\/\/www.facebook.com\/MIOTISchool","https:\/\/x.com\/MyMioti","https:\/\/www.instagram.com\/mioti_school\/","https:\/\/www.linkedin.com\/school\/mioti\/"]},{"@type":"Person","@id":"https:\/\/mioti.es\/es\/#\/schema\/person\/07613df9353272883a3b02728aab90bc","name":"Jes\u00fas","url":"https:\/\/mioti.es\/es\/author\/jesus\/"}]}},"_links":{"self":[{"href":"https:\/\/mioti.es\/es\/wp-json\/wp\/v2\/posts\/20045","targetHints":{"allow":["GET"]}}],"collection":[{"href":"https:\/\/mioti.es\/es\/wp-json\/wp\/v2\/posts"}],"about":[{"href":"https:\/\/mioti.es\/es\/wp-json\/wp\/v2\/types\/post"}],"author":[{"embeddable":true,"href":"https:\/\/mioti.es\/es\/wp-json\/wp\/v2\/users\/4"}],"replies":[{"embeddable":true,"href":"https:\/\/mioti.es\/es\/wp-json\/wp\/v2\/comments?post=20045"}],"version-history":[{"count":2,"href":"https:\/\/mioti.es\/es\/wp-json\/wp\/v2\/posts\/20045\/revisions"}],"predecessor-version":[{"id":25300,"href":"https:\/\/mioti.es\/es\/wp-json\/wp\/v2\/posts\/20045\/revisions\/25300"}],"wp:featuredmedia":[{"embeddable":true,"href":"https:\/\/mioti.es\/es\/wp-json\/wp\/v2\/media\/25296"}],"wp:attachment":[{"href":"https:\/\/mioti.es\/es\/wp-json\/wp\/v2\/media?parent=20045"}],"wp:term":[{"taxonomy":"category","embeddable":true,"href":"https:\/\/mioti.es\/es\/wp-json\/wp\/v2\/categories?post=20045"}],"curies":[{"name":"wp","href":"https:\/\/api.w.org\/{rel}","templated":true}]}}